{"id":9122,"date":"2019-11-02T18:26:55","date_gmt":"2019-11-02T17:26:55","guid":{"rendered":"https:\/\/martytatoo.paris\/?p=9122"},"modified":"2025-02-18T11:47:00","modified_gmt":"2025-02-18T10:47:00","slug":"shym-danse-avec-les-stars-sur-tf1","status":"publish","type":"post","link":"https:\/\/pierre-delaunay.fr\/marty-tatoo\/actualite\/shym-danse-avec-les-stars-sur-tf1\/","title":{"rendered":"SHY&rsquo;M \u00ab\u00a0Danse avec les stars\u00a0\u00bb sur TF1."},"content":{"rendered":"<div class=\"video-shortcode-container\"><div style=\"width: 360px;\" class=\"wp-video\"><!--[if lt IE 9]><script>document.createElement('video');<\/script><![endif]-->\n<video class=\"wp-video-shortcode\" id=\"video-9122-1\" width=\"360\" height=\"203\" preload=\"metadata\" controls=\"controls\"><source type=\"video\/mp4\" src=\"https:\/\/martytatoo.paris\/wp-content\/uploads\/IMG_6348_50.mp4?_=1\" \/><a href=\"https:\/\/martytatoo.paris\/wp-content\/uploads\/IMG_6348_50.mp4\">https:\/\/martytatoo.paris\/wp-content\/uploads\/IMG_6348_50.mp4<\/a><\/video><\/div><\/div>\n<p>&nbsp;<\/p>\n<h3>R\u00e9alisation des tatouages pour Shy&rsquo;m \u00e0 l&rsquo;atelier&#8230;<\/h3>\n<p style=\"text-align: justify;\"><a href=\"https:\/\/pierre-delaunay.fr\/marty-tatoo\/tatouage-jagua\/\">Tatouages \u00e9ph\u00e9m\u00e8res<\/a> r\u00e9alis\u00e9s par nos artistes sur la chanteuse Shy&rsquo;m pour les 10 ans de l&rsquo;\u00e9mission \u00ab\u00a0Danse avec les stars\u00a0\u00bb diffus\u00e9e sur <a href=\"https:\/\/www.tf1.fr\/\">TF1<\/a> le 19 Octobre 2019.<\/p>\n<p>[wvc_image_device_slider images=\u00a0\u00bb9142,9143,9144&Prime; ]<\/p>\n","protected":false},"excerpt":{"rendered":"<p>&nbsp; R\u00e9alisation des tatouages pour Shy&rsquo;m \u00e0 l&rsquo;atelier&#8230; Tatouages \u00e9ph\u00e9m\u00e8res r\u00e9alis\u00e9s par nos artistes sur la chanteuse Shy&rsquo;m pour les 10 ans de l&rsquo;\u00e9mission \u00ab\u00a0Danse avec les stars\u00a0\u00bb diffus\u00e9e sur TF1 le 19 Octobre 2019. [wvc_image_device_slider images=\u00a0\u00bb9142,9143,9144&Prime; ]<\/p>\n","protected":false},"author":3,"featured_media":9123,"comment_status":"closed","ping_status":"open","sticky":false,"template":"","format":"video","meta":{"footnotes":""},"categories":[3],"tags":[],"class_list":{"0":"post-9122","1":"post","2":"type-post","3":"status-publish","4":"format-video","5":"has-post-thumbnail","6":"hentry","7":"category-actu","8":"post_format-post-format-video","9":"entry-post-skin-light","10":"entry","11":"clearfix","12":"entry-grid","13":"entry-columns-default","14":"entry-post-module-layout-standard","15":"thumbnail-color-tone-dark","16":"metro-portrait","17":"is-mp4","18":"has-video","19":"entry-post","21":"entry-post-grid"},"yoast_head":"<!-- This site is optimized with the Yoast SEO plugin v24.1 - https:\/\/yoast.com\/wordpress\/plugins\/seo\/ -->\n<title>SHY&#039;M &quot;Danse avec les stars&quot; sur TF1. - Marty Tatoo<\/title>\n<meta name=\"description\" content=\"Une exp\u00e9rience inoubliable sur TF1 et danse avec les stars. Martyatoo \u00e0 la t\u00e9l\u00e9vision.\" \/>\n<meta name=\"robots\" content=\"noindex, follow, max-snippet:-1, max-image-preview:large, max-video-preview:-1\" \/>\n<meta property=\"og:locale\" content=\"fr_FR\" \/>\n<meta property=\"og:type\" content=\"article\" \/>\n<meta property=\"og:title\" content=\"SHY&#039;M &quot;Danse avec les stars&quot; sur TF1. - Marty Tatoo\" \/>\n<meta property=\"og:description\" content=\"Une exp\u00e9rience inoubliable sur TF1 et danse avec les stars. Martyatoo \u00e0 la t\u00e9l\u00e9vision.\" \/>\n<meta property=\"og:url\" content=\"https:\/\/pierre-delaunay.fr\/marty-tatoo\/actualite\/shym-danse-avec-les-stars-sur-tf1\/\" \/>\n<meta property=\"og:site_name\" content=\"Marty Tatoo\" \/>\n<meta property=\"article:publisher\" content=\"https:\/\/fr-fr.facebook.com\/AtelierMartyTatoo\/\" \/>\n<meta property=\"article:published_time\" content=\"2019-11-02T17:26:55+00:00\" \/>\n<meta property=\"article:modified_time\" content=\"2025-02-18T10:47:00+00:00\" \/>\n<meta property=\"og:image\" content=\"https:\/\/pierre-delaunay.fr\/marty-tatoo\/wp-content\/uploads\/IMG_6369.jpg\" \/>\n\t<meta property=\"og:image:width\" content=\"680\" \/>\n\t<meta property=\"og:image:height\" content=\"831\" \/>\n\t<meta property=\"og:image:type\" content=\"image\/jpeg\" \/>\n<meta name=\"author\" content=\"Corentine Buron\" \/>\n<meta name=\"twitter:card\" content=\"summary_large_image\" \/>\n<meta name=\"twitter:label1\" content=\"\u00c9crit par\" \/>\n\t<meta name=\"twitter:data1\" content=\"Corentine Buron\" \/>\n\t<meta name=\"twitter:label2\" content=\"Dur\u00e9e de lecture estim\u00e9e\" \/>\n\t<meta name=\"twitter:data2\" content=\"1 minute\" \/>\n<script type=\"application\/ld+json\" class=\"yoast-schema-graph\">{\"@context\":\"https:\/\/schema.org\",\"@graph\":[{\"@type\":\"Article\",\"@id\":\"https:\/\/pierre-delaunay.fr\/marty-tatoo\/actualite\/shym-danse-avec-les-stars-sur-tf1\/#article\",\"isPartOf\":{\"@id\":\"https:\/\/pierre-delaunay.fr\/marty-tatoo\/actualite\/shym-danse-avec-les-stars-sur-tf1\/\"},\"author\":{\"name\":\"Corentine Buron\",\"@id\":\"https:\/\/pierre-delaunay.fr\/marty-tatoo\/#\/schema\/person\/455a3c360bd822545b683883f8e15bd1\"},\"headline\":\"SHY&rsquo;M \u00ab\u00a0Danse avec les stars\u00a0\u00bb sur TF1.\",\"datePublished\":\"2019-11-02T17:26:55+00:00\",\"dateModified\":\"2025-02-18T10:47:00+00:00\",\"mainEntityOfPage\":{\"@id\":\"https:\/\/pierre-delaunay.fr\/marty-tatoo\/actualite\/shym-danse-avec-les-stars-sur-tf1\/\"},\"wordCount\":66,\"publisher\":{\"@id\":\"https:\/\/pierre-delaunay.fr\/marty-tatoo\/#organization\"},\"image\":{\"@id\":\"https:\/\/pierre-delaunay.fr\/marty-tatoo\/actualite\/shym-danse-avec-les-stars-sur-tf1\/#primaryimage\"},\"thumbnailUrl\":\"https:\/\/pierre-delaunay.fr\/marty-tatoo\/wp-content\/uploads\/IMG_6369.jpg\",\"articleSection\":[\"Actualit\u00e9\"],\"inLanguage\":\"fr-FR\"},{\"@type\":\"WebPage\",\"@id\":\"https:\/\/pierre-delaunay.fr\/marty-tatoo\/actualite\/shym-danse-avec-les-stars-sur-tf1\/\",\"url\":\"https:\/\/pierre-delaunay.fr\/marty-tatoo\/actualite\/shym-danse-avec-les-stars-sur-tf1\/\",\"name\":\"SHY'M \\\"Danse avec les stars\\\" sur TF1. - Marty Tatoo\",\"isPartOf\":{\"@id\":\"https:\/\/pierre-delaunay.fr\/marty-tatoo\/#website\"},\"primaryImageOfPage\":{\"@id\":\"https:\/\/pierre-delaunay.fr\/marty-tatoo\/actualite\/shym-danse-avec-les-stars-sur-tf1\/#primaryimage\"},\"image\":{\"@id\":\"https:\/\/pierre-delaunay.fr\/marty-tatoo\/actualite\/shym-danse-avec-les-stars-sur-tf1\/#primaryimage\"},\"thumbnailUrl\":\"https:\/\/pierre-delaunay.fr\/marty-tatoo\/wp-content\/uploads\/IMG_6369.jpg\",\"datePublished\":\"2019-11-02T17:26:55+00:00\",\"dateModified\":\"2025-02-18T10:47:00+00:00\",\"description\":\"Une exp\u00e9rience inoubliable sur TF1 et danse avec les stars. Martyatoo \u00e0 la t\u00e9l\u00e9vision.\",\"breadcrumb\":{\"@id\":\"https:\/\/pierre-delaunay.fr\/marty-tatoo\/actualite\/shym-danse-avec-les-stars-sur-tf1\/#breadcrumb\"},\"inLanguage\":\"fr-FR\",\"potentialAction\":[{\"@type\":\"ReadAction\",\"target\":[\"https:\/\/pierre-delaunay.fr\/marty-tatoo\/actualite\/shym-danse-avec-les-stars-sur-tf1\/\"]}]},{\"@type\":\"ImageObject\",\"inLanguage\":\"fr-FR\",\"@id\":\"https:\/\/pierre-delaunay.fr\/marty-tatoo\/actualite\/shym-danse-avec-les-stars-sur-tf1\/#primaryimage\",\"url\":\"https:\/\/pierre-delaunay.fr\/marty-tatoo\/wp-content\/uploads\/IMG_6369.jpg\",\"contentUrl\":\"https:\/\/pierre-delaunay.fr\/marty-tatoo\/wp-content\/uploads\/IMG_6369.jpg\",\"width\":680,\"height\":831},{\"@type\":\"BreadcrumbList\",\"@id\":\"https:\/\/pierre-delaunay.fr\/marty-tatoo\/actualite\/shym-danse-avec-les-stars-sur-tf1\/#breadcrumb\",\"itemListElement\":[{\"@type\":\"ListItem\",\"position\":1,\"name\":\"Accueil\",\"item\":\"https:\/\/pierre-delaunay.fr\/marty-tatoo\/\"},{\"@type\":\"ListItem\",\"position\":2,\"name\":\"SHY&rsquo;M \u00ab\u00a0Danse avec les stars\u00a0\u00bb sur TF1.\"}]},{\"@type\":\"WebSite\",\"@id\":\"https:\/\/pierre-delaunay.fr\/marty-tatoo\/#website\",\"url\":\"https:\/\/pierre-delaunay.fr\/marty-tatoo\/\",\"name\":\"Marty Tatoo\",\"description\":\"PARIS\",\"publisher\":{\"@id\":\"https:\/\/pierre-delaunay.fr\/marty-tatoo\/#organization\"},\"potentialAction\":[{\"@type\":\"SearchAction\",\"target\":{\"@type\":\"EntryPoint\",\"urlTemplate\":\"https:\/\/pierre-delaunay.fr\/marty-tatoo\/?s={search_term_string}\"},\"query-input\":{\"@type\":\"PropertyValueSpecification\",\"valueRequired\":true,\"valueName\":\"search_term_string\"}}],\"inLanguage\":\"fr-FR\"},{\"@type\":\"Organization\",\"@id\":\"https:\/\/pierre-delaunay.fr\/marty-tatoo\/#organization\",\"name\":\"Marty Tatoo\",\"url\":\"https:\/\/pierre-delaunay.fr\/marty-tatoo\/\",\"logo\":{\"@type\":\"ImageObject\",\"inLanguage\":\"fr-FR\",\"@id\":\"https:\/\/pierre-delaunay.fr\/marty-tatoo\/#\/schema\/logo\/image\/\",\"url\":\"https:\/\/pierre-delaunay.fr\/marty-tatoo\/wp-content\/uploads\/logo-plien-png.png\",\"contentUrl\":\"https:\/\/pierre-delaunay.fr\/marty-tatoo\/wp-content\/uploads\/logo-plien-png.png\",\"width\":154,\"height\":150,\"caption\":\"Marty Tatoo\"},\"image\":{\"@id\":\"https:\/\/pierre-delaunay.fr\/marty-tatoo\/#\/schema\/logo\/image\/\"},\"sameAs\":[\"https:\/\/fr-fr.facebook.com\/AtelierMartyTatoo\/\",\"https:\/\/www.instagram.com\/martytatoo_officiel\/\"]},{\"@type\":\"Person\",\"@id\":\"https:\/\/pierre-delaunay.fr\/marty-tatoo\/#\/schema\/person\/455a3c360bd822545b683883f8e15bd1\",\"name\":\"Corentine Buron\",\"url\":\"https:\/\/pierre-delaunay.fr\/marty-tatoo\/actualite\/author\/corentine\/\"}]}<\/script>\n<!-- \/ Yoast SEO plugin. -->","yoast_head_json":{"title":"SHY'M \"Danse avec les stars\" sur TF1. - Marty Tatoo","description":"Une exp\u00e9rience inoubliable sur TF1 et danse avec les stars. Martyatoo \u00e0 la t\u00e9l\u00e9vision.","robots":{"index":"noindex","follow":"follow","max-snippet":"max-snippet:-1","max-image-preview":"max-image-preview:large","max-video-preview":"max-video-preview:-1"},"og_locale":"fr_FR","og_type":"article","og_title":"SHY'M \"Danse avec les stars\" sur TF1. - Marty Tatoo","og_description":"Une exp\u00e9rience inoubliable sur TF1 et danse avec les stars. Martyatoo \u00e0 la t\u00e9l\u00e9vision.","og_url":"https:\/\/pierre-delaunay.fr\/marty-tatoo\/actualite\/shym-danse-avec-les-stars-sur-tf1\/","og_site_name":"Marty Tatoo","article_publisher":"https:\/\/fr-fr.facebook.com\/AtelierMartyTatoo\/","article_published_time":"2019-11-02T17:26:55+00:00","article_modified_time":"2025-02-18T10:47:00+00:00","og_image":[{"width":680,"height":831,"url":"https:\/\/pierre-delaunay.fr\/marty-tatoo\/wp-content\/uploads\/IMG_6369.jpg","type":"image\/jpeg"}],"author":"Corentine Buron","twitter_card":"summary_large_image","twitter_misc":{"\u00c9crit par":"Corentine Buron","Dur\u00e9e de lecture estim\u00e9e":"1 minute"},"schema":{"@context":"https:\/\/schema.org","@graph":[{"@type":"Article","@id":"https:\/\/pierre-delaunay.fr\/marty-tatoo\/actualite\/shym-danse-avec-les-stars-sur-tf1\/#article","isPartOf":{"@id":"https:\/\/pierre-delaunay.fr\/marty-tatoo\/actualite\/shym-danse-avec-les-stars-sur-tf1\/"},"author":{"name":"Corentine Buron","@id":"https:\/\/pierre-delaunay.fr\/marty-tatoo\/#\/schema\/person\/455a3c360bd822545b683883f8e15bd1"},"headline":"SHY&rsquo;M \u00ab\u00a0Danse avec les stars\u00a0\u00bb sur TF1.","datePublished":"2019-11-02T17:26:55+00:00","dateModified":"2025-02-18T10:47:00+00:00","mainEntityOfPage":{"@id":"https:\/\/pierre-delaunay.fr\/marty-tatoo\/actualite\/shym-danse-avec-les-stars-sur-tf1\/"},"wordCount":66,"publisher":{"@id":"https:\/\/pierre-delaunay.fr\/marty-tatoo\/#organization"},"image":{"@id":"https:\/\/pierre-delaunay.fr\/marty-tatoo\/actualite\/shym-danse-avec-les-stars-sur-tf1\/#primaryimage"},"thumbnailUrl":"https:\/\/pierre-delaunay.fr\/marty-tatoo\/wp-content\/uploads\/IMG_6369.jpg","articleSection":["Actualit\u00e9"],"inLanguage":"fr-FR"},{"@type":"WebPage","@id":"https:\/\/pierre-delaunay.fr\/marty-tatoo\/actualite\/shym-danse-avec-les-stars-sur-tf1\/","url":"https:\/\/pierre-delaunay.fr\/marty-tatoo\/actualite\/shym-danse-avec-les-stars-sur-tf1\/","name":"SHY'M \"Danse avec les stars\" sur TF1. - Marty Tatoo","isPartOf":{"@id":"https:\/\/pierre-delaunay.fr\/marty-tatoo\/#website"},"primaryImageOfPage":{"@id":"https:\/\/pierre-delaunay.fr\/marty-tatoo\/actualite\/shym-danse-avec-les-stars-sur-tf1\/#primaryimage"},"image":{"@id":"https:\/\/pierre-delaunay.fr\/marty-tatoo\/actualite\/shym-danse-avec-les-stars-sur-tf1\/#primaryimage"},"thumbnailUrl":"https:\/\/pierre-delaunay.fr\/marty-tatoo\/wp-content\/uploads\/IMG_6369.jpg","datePublished":"2019-11-02T17:26:55+00:00","dateModified":"2025-02-18T10:47:00+00:00","description":"Une exp\u00e9rience inoubliable sur TF1 et danse avec les stars. Martyatoo \u00e0 la t\u00e9l\u00e9vision.","breadcrumb":{"@id":"https:\/\/pierre-delaunay.fr\/marty-tatoo\/actualite\/shym-danse-avec-les-stars-sur-tf1\/#breadcrumb"},"inLanguage":"fr-FR","potentialAction":[{"@type":"ReadAction","target":["https:\/\/pierre-delaunay.fr\/marty-tatoo\/actualite\/shym-danse-avec-les-stars-sur-tf1\/"]}]},{"@type":"ImageObject","inLanguage":"fr-FR","@id":"https:\/\/pierre-delaunay.fr\/marty-tatoo\/actualite\/shym-danse-avec-les-stars-sur-tf1\/#primaryimage","url":"https:\/\/pierre-delaunay.fr\/marty-tatoo\/wp-content\/uploads\/IMG_6369.jpg","contentUrl":"https:\/\/pierre-delaunay.fr\/marty-tatoo\/wp-content\/uploads\/IMG_6369.jpg","width":680,"height":831},{"@type":"BreadcrumbList","@id":"https:\/\/pierre-delaunay.fr\/marty-tatoo\/actualite\/shym-danse-avec-les-stars-sur-tf1\/#breadcrumb","itemListElement":[{"@type":"ListItem","position":1,"name":"Accueil","item":"https:\/\/pierre-delaunay.fr\/marty-tatoo\/"},{"@type":"ListItem","position":2,"name":"SHY&rsquo;M \u00ab\u00a0Danse avec les stars\u00a0\u00bb sur TF1."}]},{"@type":"WebSite","@id":"https:\/\/pierre-delaunay.fr\/marty-tatoo\/#website","url":"https:\/\/pierre-delaunay.fr\/marty-tatoo\/","name":"Marty Tatoo","description":"PARIS","publisher":{"@id":"https:\/\/pierre-delaunay.fr\/marty-tatoo\/#organization"},"potentialAction":[{"@type":"SearchAction","target":{"@type":"EntryPoint","urlTemplate":"https:\/\/pierre-delaunay.fr\/marty-tatoo\/?s={search_term_string}"},"query-input":{"@type":"PropertyValueSpecification","valueRequired":true,"valueName":"search_term_string"}}],"inLanguage":"fr-FR"},{"@type":"Organization","@id":"https:\/\/pierre-delaunay.fr\/marty-tatoo\/#organization","name":"Marty Tatoo","url":"https:\/\/pierre-delaunay.fr\/marty-tatoo\/","logo":{"@type":"ImageObject","inLanguage":"fr-FR","@id":"https:\/\/pierre-delaunay.fr\/marty-tatoo\/#\/schema\/logo\/image\/","url":"https:\/\/pierre-delaunay.fr\/marty-tatoo\/wp-content\/uploads\/logo-plien-png.png","contentUrl":"https:\/\/pierre-delaunay.fr\/marty-tatoo\/wp-content\/uploads\/logo-plien-png.png","width":154,"height":150,"caption":"Marty Tatoo"},"image":{"@id":"https:\/\/pierre-delaunay.fr\/marty-tatoo\/#\/schema\/logo\/image\/"},"sameAs":["https:\/\/fr-fr.facebook.com\/AtelierMartyTatoo\/","https:\/\/www.instagram.com\/martytatoo_officiel\/"]},{"@type":"Person","@id":"https:\/\/pierre-delaunay.fr\/marty-tatoo\/#\/schema\/person\/455a3c360bd822545b683883f8e15bd1","name":"Corentine Buron","url":"https:\/\/pierre-delaunay.fr\/marty-tatoo\/actualite\/author\/corentine\/"}]}},"_links":{"self":[{"href":"https:\/\/pierre-delaunay.fr\/marty-tatoo\/wp-json\/wp\/v2\/posts\/9122","targetHints":{"allow":["GET"]}}],"collection":[{"href":"https:\/\/pierre-delaunay.fr\/marty-tatoo\/wp-json\/wp\/v2\/posts"}],"about":[{"href":"https:\/\/pierre-delaunay.fr\/marty-tatoo\/wp-json\/wp\/v2\/types\/post"}],"author":[{"embeddable":true,"href":"https:\/\/pierre-delaunay.fr\/marty-tatoo\/wp-json\/wp\/v2\/users\/3"}],"replies":[{"embeddable":true,"href":"https:\/\/pierre-delaunay.fr\/marty-tatoo\/wp-json\/wp\/v2\/comments?post=9122"}],"version-history":[{"count":5,"href":"https:\/\/pierre-delaunay.fr\/marty-tatoo\/wp-json\/wp\/v2\/posts\/9122\/revisions"}],"predecessor-version":[{"id":25181,"href":"https:\/\/pierre-delaunay.fr\/marty-tatoo\/wp-json\/wp\/v2\/posts\/9122\/revisions\/25181"}],"wp:featuredmedia":[{"embeddable":true,"href":"https:\/\/pierre-delaunay.fr\/marty-tatoo\/wp-json\/wp\/v2\/media\/9123"}],"wp:attachment":[{"href":"https:\/\/pierre-delaunay.fr\/marty-tatoo\/wp-json\/wp\/v2\/media?parent=9122"}],"wp:term":[{"taxonomy":"category","embeddable":true,"href":"https:\/\/pierre-delaunay.fr\/marty-tatoo\/wp-json\/wp\/v2\/categories?post=9122"},{"taxonomy":"post_tag","embeddable":true,"href":"https:\/\/pierre-delaunay.fr\/marty-tatoo\/wp-json\/wp\/v2\/tags?post=9122"}],"curies":[{"name":"wp","href":"https:\/\/api.w.org\/{rel}","templated":true}]}}