{"id":5931,"date":"2019-07-22T19:45:08","date_gmt":"2019-07-22T17:45:08","guid":{"rendered":"https:\/\/martytatoo.paris\/?p=5931"},"modified":"2024-12-11T14:05:41","modified_gmt":"2024-12-11T13:05:41","slug":"tatouage-et-vergetures","status":"publish","type":"post","link":"https:\/\/pierre-delaunay.fr\/marty-tatoo\/actualite\/tatouage-et-vergetures\/","title":{"rendered":"Tatouage et vergetures"},"content":{"rendered":"<style type='text\/css'> #gallery-988 .block { float: left; width: 99.99%;padding-bottom:10px!important;}<\/style><div class='wolf-images-gallery clearfix simple-gallery hover-to-greyscale padding' id='gallery-988'><div class='block'><a title='Tatouage m\u00e9dical, tatouage verg\u00e9tures' href='https:\/\/pierre-delaunay.fr\/marty-tatoo\/wp-content\/uploads\/maquette-article-verge\u0301tures.jpg' class='lightbox image-item' rel='gallery-988'><img src='https:\/\/pierre-delaunay.fr\/marty-tatoo\/wp-content\/uploads\/maquette-article-verge\u0301tures.jpg' alt='maquette-article-verge\u0301tures'><\/a><\/div><\/div>\n<p>&nbsp;<\/p>\n<p class=\"p1\" style=\"text-align: justify;\"><span class=\"s1\"><b>Une solution existe pour masquer les vergetures.\u00a0<\/b><\/span><span class=\"s1\">Les vergetures tr\u00e8s inesth\u00e9tiques provoquent une g\u00eane importante et persistante pour 80% des femmes et 20% des hommes aujourd&rsquo;hui. Les vergetures sont souvent confondues \u00e0 des cicatrices alors qu&rsquo;elles r\u00e9sultent d&rsquo;un ph\u00e9nom\u00e8ne \u00e0 l&rsquo;oppos\u00e9. La cicatrice est une d\u00e9fense naturelle afin de refermer l&rsquo;\u00e9piderme et reconstruire le derme, alors que la vergeture est une d\u00e9chirure plus ou moins profonde et stri\u00e9e due \u00e0 une tension a\u00efgue de la peau. Les m\u00e9thodes propos\u00e9es d&rsquo;aujourd&rsquo;hui contribuent \u00e0 les att\u00e9nuer\u00a0 mais ne les feront jamais dispara\u00eetre. <\/span><\/p>\n<p class=\"p1\" style=\"text-align: justify;\"><span class=\"s1\">Il ne faut pas apprendre \u00e0 vivre avec, nous avons la solution,\u00a0<\/span><span class=\"s1\"><b>le tatouage m\u00e9dical ou un tatouage artistique pour les masquer au maximum.\u00a0<\/b><\/span><span class=\"s1\"> Contactez-nous par t\u00e9l\u00e9phone pour un entretien personnalis\u00e9 sans engagement.<\/span><\/p>\n<p class=\"p2\"><span class=\"s1\">\u00a0<\/span><\/p>\n<p>&nbsp;<\/p>\n","protected":false},"excerpt":{"rendered":"<p>&nbsp; Une solution existe pour masquer les vergetures.\u00a0Les vergetures tr\u00e8s inesth\u00e9tiques provoquent une g\u00eane importante et persistante pour 80% des femmes et 20% des hommes aujourd&rsquo;hui. Les vergetures sont souvent confondues \u00e0 des cicatrices alors qu&rsquo;elles r\u00e9sultent d&rsquo;un ph\u00e9nom\u00e8ne \u00e0 l&rsquo;oppos\u00e9. La cicatrice est une d\u00e9fense naturelle afin de refermer l&rsquo;\u00e9piderme et reconstruire le derme,&#8230;<\/p>\n<p><a rel=\"bookmark\" class=\"tattoopress-button-text wvc-button wvc-button-size-sm\" href=\"https:\/\/pierre-delaunay.fr\/marty-tatoo\/actualite\/tatouage-et-vergetures\/\"><small class=\"wvc-button-background-fill\"><\/small><span>continue reading<\/span><\/a><\/p>\n","protected":false},"author":3,"featured_media":5932,"comment_status":"closed","ping_status":"open","sticky":false,"template":"","format":"standard","meta":{"footnotes":""},"categories":[1],"tags":[],"class_list":{"0":"post-5931","1":"post","2":"type-post","3":"status-publish","4":"format-standard","5":"has-post-thumbnail","6":"hentry","7":"category-non-classifiee","8":"entry-post-skin-light","9":"entry","10":"clearfix","11":"entry-grid","12":"entry-columns-default","13":"entry-post-module-layout-standard","14":"thumbnail-color-tone-dark","15":"metro-landscape","16":"entry-post","18":"entry-post-grid"},"yoast_head":"<!-- This site is optimized with the Yoast SEO plugin v24.1 - https:\/\/yoast.com\/wordpress\/plugins\/seo\/ -->\n<title>Tatouage et vergetures - Marty Tatoo<\/title>\n<meta name=\"robots\" content=\"noindex, follow, max-snippet:-1, max-image-preview:large, max-video-preview:-1\" \/>\n<meta property=\"og:locale\" content=\"fr_FR\" \/>\n<meta property=\"og:type\" content=\"article\" \/>\n<meta property=\"og:title\" content=\"Tatouage et vergetures - Marty Tatoo\" \/>\n<meta property=\"og:description\" content=\"&nbsp; Une solution existe pour masquer les vergetures.\u00a0Les vergetures tr\u00e8s inesth\u00e9tiques provoquent une g\u00eane importante et persistante pour 80% des femmes et 20% des hommes aujourd&rsquo;hui. Les vergetures sont souvent confondues \u00e0 des cicatrices alors qu&rsquo;elles r\u00e9sultent d&rsquo;un ph\u00e9nom\u00e8ne \u00e0 l&rsquo;oppos\u00e9. La cicatrice est une d\u00e9fense naturelle afin de refermer l&rsquo;\u00e9piderme et reconstruire le derme,...continue reading\" \/>\n<meta property=\"og:url\" content=\"https:\/\/pierre-delaunay.fr\/marty-tatoo\/actualite\/tatouage-et-vergetures\/\" \/>\n<meta property=\"og:site_name\" content=\"Marty Tatoo\" \/>\n<meta property=\"article:publisher\" content=\"https:\/\/fr-fr.facebook.com\/AtelierMartyTatoo\/\" \/>\n<meta property=\"article:published_time\" content=\"2019-07-22T17:45:08+00:00\" \/>\n<meta property=\"article:modified_time\" content=\"2024-12-11T13:05:41+00:00\" \/>\n<meta property=\"og:image\" content=\"https:\/\/pierre-delaunay.fr\/marty-tatoo\/wp-content\/uploads\/maquette-article-verge\u0301tures.jpg\" \/>\n\t<meta property=\"og:image:width\" content=\"977\" \/>\n\t<meta property=\"og:image:height\" content=\"527\" \/>\n\t<meta property=\"og:image:type\" content=\"image\/jpeg\" \/>\n<meta name=\"author\" content=\"Corentine Buron\" \/>\n<meta name=\"twitter:card\" content=\"summary_large_image\" \/>\n<meta name=\"twitter:label1\" content=\"\u00c9crit par\" \/>\n\t<meta name=\"twitter:data1\" content=\"Corentine Buron\" \/>\n\t<meta name=\"twitter:label2\" content=\"Dur\u00e9e de lecture estim\u00e9e\" \/>\n\t<meta name=\"twitter:data2\" content=\"1 minute\" \/>\n<script type=\"application\/ld+json\" class=\"yoast-schema-graph\">{\"@context\":\"https:\/\/schema.org\",\"@graph\":[{\"@type\":\"Article\",\"@id\":\"https:\/\/pierre-delaunay.fr\/marty-tatoo\/actualite\/tatouage-et-vergetures\/#article\",\"isPartOf\":{\"@id\":\"https:\/\/pierre-delaunay.fr\/marty-tatoo\/actualite\/tatouage-et-vergetures\/\"},\"author\":{\"name\":\"Corentine Buron\",\"@id\":\"https:\/\/pierre-delaunay.fr\/marty-tatoo\/#\/schema\/person\/455a3c360bd822545b683883f8e15bd1\"},\"headline\":\"Tatouage et vergetures\",\"datePublished\":\"2019-07-22T17:45:08+00:00\",\"dateModified\":\"2024-12-11T13:05:41+00:00\",\"mainEntityOfPage\":{\"@id\":\"https:\/\/pierre-delaunay.fr\/marty-tatoo\/actualite\/tatouage-et-vergetures\/\"},\"wordCount\":159,\"publisher\":{\"@id\":\"https:\/\/pierre-delaunay.fr\/marty-tatoo\/#organization\"},\"image\":{\"@id\":\"https:\/\/pierre-delaunay.fr\/marty-tatoo\/actualite\/tatouage-et-vergetures\/#primaryimage\"},\"thumbnailUrl\":\"https:\/\/pierre-delaunay.fr\/marty-tatoo\/wp-content\/uploads\/maquette-article-verge\u0301tures.jpg\",\"articleSection\":[\"Non classifi\u00e9(e)\"],\"inLanguage\":\"fr-FR\"},{\"@type\":\"WebPage\",\"@id\":\"https:\/\/pierre-delaunay.fr\/marty-tatoo\/actualite\/tatouage-et-vergetures\/\",\"url\":\"https:\/\/pierre-delaunay.fr\/marty-tatoo\/actualite\/tatouage-et-vergetures\/\",\"name\":\"Tatouage et vergetures - Marty Tatoo\",\"isPartOf\":{\"@id\":\"https:\/\/pierre-delaunay.fr\/marty-tatoo\/#website\"},\"primaryImageOfPage\":{\"@id\":\"https:\/\/pierre-delaunay.fr\/marty-tatoo\/actualite\/tatouage-et-vergetures\/#primaryimage\"},\"image\":{\"@id\":\"https:\/\/pierre-delaunay.fr\/marty-tatoo\/actualite\/tatouage-et-vergetures\/#primaryimage\"},\"thumbnailUrl\":\"https:\/\/pierre-delaunay.fr\/marty-tatoo\/wp-content\/uploads\/maquette-article-verge\u0301tures.jpg\",\"datePublished\":\"2019-07-22T17:45:08+00:00\",\"dateModified\":\"2024-12-11T13:05:41+00:00\",\"breadcrumb\":{\"@id\":\"https:\/\/pierre-delaunay.fr\/marty-tatoo\/actualite\/tatouage-et-vergetures\/#breadcrumb\"},\"inLanguage\":\"fr-FR\",\"potentialAction\":[{\"@type\":\"ReadAction\",\"target\":[\"https:\/\/pierre-delaunay.fr\/marty-tatoo\/actualite\/tatouage-et-vergetures\/\"]}]},{\"@type\":\"ImageObject\",\"inLanguage\":\"fr-FR\",\"@id\":\"https:\/\/pierre-delaunay.fr\/marty-tatoo\/actualite\/tatouage-et-vergetures\/#primaryimage\",\"url\":\"https:\/\/pierre-delaunay.fr\/marty-tatoo\/wp-content\/uploads\/maquette-article-verge\u0301tures.jpg\",\"contentUrl\":\"https:\/\/pierre-delaunay.fr\/marty-tatoo\/wp-content\/uploads\/maquette-article-verge\u0301tures.jpg\",\"width\":977,\"height\":527,\"caption\":\"Tatouage m\u00e9dical, tatouage verg\u00e9tures\"},{\"@type\":\"BreadcrumbList\",\"@id\":\"https:\/\/pierre-delaunay.fr\/marty-tatoo\/actualite\/tatouage-et-vergetures\/#breadcrumb\",\"itemListElement\":[{\"@type\":\"ListItem\",\"position\":1,\"name\":\"Accueil\",\"item\":\"https:\/\/pierre-delaunay.fr\/marty-tatoo\/\"},{\"@type\":\"ListItem\",\"position\":2,\"name\":\"Tatouage et vergetures\"}]},{\"@type\":\"WebSite\",\"@id\":\"https:\/\/pierre-delaunay.fr\/marty-tatoo\/#website\",\"url\":\"https:\/\/pierre-delaunay.fr\/marty-tatoo\/\",\"name\":\"Marty Tatoo\",\"description\":\"PARIS\",\"publisher\":{\"@id\":\"https:\/\/pierre-delaunay.fr\/marty-tatoo\/#organization\"},\"potentialAction\":[{\"@type\":\"SearchAction\",\"target\":{\"@type\":\"EntryPoint\",\"urlTemplate\":\"https:\/\/pierre-delaunay.fr\/marty-tatoo\/?s={search_term_string}\"},\"query-input\":{\"@type\":\"PropertyValueSpecification\",\"valueRequired\":true,\"valueName\":\"search_term_string\"}}],\"inLanguage\":\"fr-FR\"},{\"@type\":\"Organization\",\"@id\":\"https:\/\/pierre-delaunay.fr\/marty-tatoo\/#organization\",\"name\":\"Marty Tatoo\",\"url\":\"https:\/\/pierre-delaunay.fr\/marty-tatoo\/\",\"logo\":{\"@type\":\"ImageObject\",\"inLanguage\":\"fr-FR\",\"@id\":\"https:\/\/pierre-delaunay.fr\/marty-tatoo\/#\/schema\/logo\/image\/\",\"url\":\"https:\/\/pierre-delaunay.fr\/marty-tatoo\/wp-content\/uploads\/logo-plien-png.png\",\"contentUrl\":\"https:\/\/pierre-delaunay.fr\/marty-tatoo\/wp-content\/uploads\/logo-plien-png.png\",\"width\":154,\"height\":150,\"caption\":\"Marty Tatoo\"},\"image\":{\"@id\":\"https:\/\/pierre-delaunay.fr\/marty-tatoo\/#\/schema\/logo\/image\/\"},\"sameAs\":[\"https:\/\/fr-fr.facebook.com\/AtelierMartyTatoo\/\",\"https:\/\/www.instagram.com\/martytatoo_officiel\/\"]},{\"@type\":\"Person\",\"@id\":\"https:\/\/pierre-delaunay.fr\/marty-tatoo\/#\/schema\/person\/455a3c360bd822545b683883f8e15bd1\",\"name\":\"Corentine Buron\",\"url\":\"https:\/\/pierre-delaunay.fr\/marty-tatoo\/actualite\/author\/corentine\/\"}]}<\/script>\n<!-- \/ Yoast SEO plugin. -->","yoast_head_json":{"title":"Tatouage et vergetures - Marty Tatoo","robots":{"index":"noindex","follow":"follow","max-snippet":"max-snippet:-1","max-image-preview":"max-image-preview:large","max-video-preview":"max-video-preview:-1"},"og_locale":"fr_FR","og_type":"article","og_title":"Tatouage et vergetures - Marty Tatoo","og_description":"&nbsp; Une solution existe pour masquer les vergetures.\u00a0Les vergetures tr\u00e8s inesth\u00e9tiques provoquent une g\u00eane importante et persistante pour 80% des femmes et 20% des hommes aujourd&rsquo;hui. Les vergetures sont souvent confondues \u00e0 des cicatrices alors qu&rsquo;elles r\u00e9sultent d&rsquo;un ph\u00e9nom\u00e8ne \u00e0 l&rsquo;oppos\u00e9. La cicatrice est une d\u00e9fense naturelle afin de refermer l&rsquo;\u00e9piderme et reconstruire le derme,...continue reading","og_url":"https:\/\/pierre-delaunay.fr\/marty-tatoo\/actualite\/tatouage-et-vergetures\/","og_site_name":"Marty Tatoo","article_publisher":"https:\/\/fr-fr.facebook.com\/AtelierMartyTatoo\/","article_published_time":"2019-07-22T17:45:08+00:00","article_modified_time":"2024-12-11T13:05:41+00:00","og_image":[{"width":977,"height":527,"url":"https:\/\/pierre-delaunay.fr\/marty-tatoo\/wp-content\/uploads\/maquette-article-verge\u0301tures.jpg","type":"image\/jpeg"}],"author":"Corentine Buron","twitter_card":"summary_large_image","twitter_misc":{"\u00c9crit par":"Corentine Buron","Dur\u00e9e de lecture estim\u00e9e":"1 minute"},"schema":{"@context":"https:\/\/schema.org","@graph":[{"@type":"Article","@id":"https:\/\/pierre-delaunay.fr\/marty-tatoo\/actualite\/tatouage-et-vergetures\/#article","isPartOf":{"@id":"https:\/\/pierre-delaunay.fr\/marty-tatoo\/actualite\/tatouage-et-vergetures\/"},"author":{"name":"Corentine Buron","@id":"https:\/\/pierre-delaunay.fr\/marty-tatoo\/#\/schema\/person\/455a3c360bd822545b683883f8e15bd1"},"headline":"Tatouage et vergetures","datePublished":"2019-07-22T17:45:08+00:00","dateModified":"2024-12-11T13:05:41+00:00","mainEntityOfPage":{"@id":"https:\/\/pierre-delaunay.fr\/marty-tatoo\/actualite\/tatouage-et-vergetures\/"},"wordCount":159,"publisher":{"@id":"https:\/\/pierre-delaunay.fr\/marty-tatoo\/#organization"},"image":{"@id":"https:\/\/pierre-delaunay.fr\/marty-tatoo\/actualite\/tatouage-et-vergetures\/#primaryimage"},"thumbnailUrl":"https:\/\/pierre-delaunay.fr\/marty-tatoo\/wp-content\/uploads\/maquette-article-verge\u0301tures.jpg","articleSection":["Non classifi\u00e9(e)"],"inLanguage":"fr-FR"},{"@type":"WebPage","@id":"https:\/\/pierre-delaunay.fr\/marty-tatoo\/actualite\/tatouage-et-vergetures\/","url":"https:\/\/pierre-delaunay.fr\/marty-tatoo\/actualite\/tatouage-et-vergetures\/","name":"Tatouage et vergetures - Marty Tatoo","isPartOf":{"@id":"https:\/\/pierre-delaunay.fr\/marty-tatoo\/#website"},"primaryImageOfPage":{"@id":"https:\/\/pierre-delaunay.fr\/marty-tatoo\/actualite\/tatouage-et-vergetures\/#primaryimage"},"image":{"@id":"https:\/\/pierre-delaunay.fr\/marty-tatoo\/actualite\/tatouage-et-vergetures\/#primaryimage"},"thumbnailUrl":"https:\/\/pierre-delaunay.fr\/marty-tatoo\/wp-content\/uploads\/maquette-article-verge\u0301tures.jpg","datePublished":"2019-07-22T17:45:08+00:00","dateModified":"2024-12-11T13:05:41+00:00","breadcrumb":{"@id":"https:\/\/pierre-delaunay.fr\/marty-tatoo\/actualite\/tatouage-et-vergetures\/#breadcrumb"},"inLanguage":"fr-FR","potentialAction":[{"@type":"ReadAction","target":["https:\/\/pierre-delaunay.fr\/marty-tatoo\/actualite\/tatouage-et-vergetures\/"]}]},{"@type":"ImageObject","inLanguage":"fr-FR","@id":"https:\/\/pierre-delaunay.fr\/marty-tatoo\/actualite\/tatouage-et-vergetures\/#primaryimage","url":"https:\/\/pierre-delaunay.fr\/marty-tatoo\/wp-content\/uploads\/maquette-article-verge\u0301tures.jpg","contentUrl":"https:\/\/pierre-delaunay.fr\/marty-tatoo\/wp-content\/uploads\/maquette-article-verge\u0301tures.jpg","width":977,"height":527,"caption":"Tatouage m\u00e9dical, tatouage verg\u00e9tures"},{"@type":"BreadcrumbList","@id":"https:\/\/pierre-delaunay.fr\/marty-tatoo\/actualite\/tatouage-et-vergetures\/#breadcrumb","itemListElement":[{"@type":"ListItem","position":1,"name":"Accueil","item":"https:\/\/pierre-delaunay.fr\/marty-tatoo\/"},{"@type":"ListItem","position":2,"name":"Tatouage et vergetures"}]},{"@type":"WebSite","@id":"https:\/\/pierre-delaunay.fr\/marty-tatoo\/#website","url":"https:\/\/pierre-delaunay.fr\/marty-tatoo\/","name":"Marty Tatoo","description":"PARIS","publisher":{"@id":"https:\/\/pierre-delaunay.fr\/marty-tatoo\/#organization"},"potentialAction":[{"@type":"SearchAction","target":{"@type":"EntryPoint","urlTemplate":"https:\/\/pierre-delaunay.fr\/marty-tatoo\/?s={search_term_string}"},"query-input":{"@type":"PropertyValueSpecification","valueRequired":true,"valueName":"search_term_string"}}],"inLanguage":"fr-FR"},{"@type":"Organization","@id":"https:\/\/pierre-delaunay.fr\/marty-tatoo\/#organization","name":"Marty Tatoo","url":"https:\/\/pierre-delaunay.fr\/marty-tatoo\/","logo":{"@type":"ImageObject","inLanguage":"fr-FR","@id":"https:\/\/pierre-delaunay.fr\/marty-tatoo\/#\/schema\/logo\/image\/","url":"https:\/\/pierre-delaunay.fr\/marty-tatoo\/wp-content\/uploads\/logo-plien-png.png","contentUrl":"https:\/\/pierre-delaunay.fr\/marty-tatoo\/wp-content\/uploads\/logo-plien-png.png","width":154,"height":150,"caption":"Marty Tatoo"},"image":{"@id":"https:\/\/pierre-delaunay.fr\/marty-tatoo\/#\/schema\/logo\/image\/"},"sameAs":["https:\/\/fr-fr.facebook.com\/AtelierMartyTatoo\/","https:\/\/www.instagram.com\/martytatoo_officiel\/"]},{"@type":"Person","@id":"https:\/\/pierre-delaunay.fr\/marty-tatoo\/#\/schema\/person\/455a3c360bd822545b683883f8e15bd1","name":"Corentine Buron","url":"https:\/\/pierre-delaunay.fr\/marty-tatoo\/actualite\/author\/corentine\/"}]}},"_links":{"self":[{"href":"https:\/\/pierre-delaunay.fr\/marty-tatoo\/wp-json\/wp\/v2\/posts\/5931","targetHints":{"allow":["GET"]}}],"collection":[{"href":"https:\/\/pierre-delaunay.fr\/marty-tatoo\/wp-json\/wp\/v2\/posts"}],"about":[{"href":"https:\/\/pierre-delaunay.fr\/marty-tatoo\/wp-json\/wp\/v2\/types\/post"}],"author":[{"embeddable":true,"href":"https:\/\/pierre-delaunay.fr\/marty-tatoo\/wp-json\/wp\/v2\/users\/3"}],"replies":[{"embeddable":true,"href":"https:\/\/pierre-delaunay.fr\/marty-tatoo\/wp-json\/wp\/v2\/comments?post=5931"}],"version-history":[{"count":8,"href":"https:\/\/pierre-delaunay.fr\/marty-tatoo\/wp-json\/wp\/v2\/posts\/5931\/revisions"}],"predecessor-version":[{"id":23945,"href":"https:\/\/pierre-delaunay.fr\/marty-tatoo\/wp-json\/wp\/v2\/posts\/5931\/revisions\/23945"}],"wp:featuredmedia":[{"embeddable":true,"href":"https:\/\/pierre-delaunay.fr\/marty-tatoo\/wp-json\/wp\/v2\/media\/5932"}],"wp:attachment":[{"href":"https:\/\/pierre-delaunay.fr\/marty-tatoo\/wp-json\/wp\/v2\/media?parent=5931"}],"wp:term":[{"taxonomy":"category","embeddable":true,"href":"https:\/\/pierre-delaunay.fr\/marty-tatoo\/wp-json\/wp\/v2\/categories?post=5931"},{"taxonomy":"post_tag","embeddable":true,"href":"https:\/\/pierre-delaunay.fr\/marty-tatoo\/wp-json\/wp\/v2\/tags?post=5931"}],"curies":[{"name":"wp","href":"https:\/\/api.w.org\/{rel}","templated":true}]}}