{"id":5835,"date":"2019-07-22T16:15:00","date_gmt":"2019-07-22T14:15:00","guid":{"rendered":"https:\/\/martytatoo.paris\/?p=5835"},"modified":"2025-01-19T15:39:42","modified_gmt":"2025-01-19T14:39:42","slug":"sea-sun-tatouage-bijou-oblige-cet-ete-avec-salome","status":"publish","type":"post","link":"https:\/\/pierre-delaunay.fr\/marty-tatoo\/actualite\/sea-sun-tatouage-bijou-oblige-cet-ete-avec-salome\/","title":{"rendered":"Sea, Sun &#038; tatouage BIJOU oblige&#8230; cet \u00e9t\u00e9 avec Salom\u00e9!"},"content":{"rendered":"<h3>Retrouvez Salom\u00e9 sur les plages cet \u00e9t\u00e9!\u2026<\/h3>\n<p>Form\u00e9e en tatouage \u00e9ph\u00e9m\u00e8re en 2015 \u00e0 l\u2019\u00e9cole de\u00a0formation\u00a0MARTYTATOO, Salom\u00e9 fait partie de notre \u00e9quipe \u00e9v\u00e8nementielle. Avec talent, elle vous cr\u00e9era des\u00a0tatouages bijou\u00a0de toute beaut\u00e9 pour vous illuminer tout l\u2019\u00e9t\u00e9!\u2026 Vous la trouverez cet \u00e9t\u00e9 sur les plages priv\u00e9es les plus hupp\u00e9es de la c\u00f4te d\u2019Azur : Nikki Beach, Bagatelle, Loulou, Verde, Les Palmiers,\u2026 et cet hivers entre Los Angeles et Paris!\u2026<\/p>\n<p><a href=\"https:\/\/pierre-delaunay.fr\/marty-tatoo\/wp-content\/uploads\/visuel-salome1.jpg\"><img loading=\"lazy\" decoding=\"async\" class=\"size-full wp-image-5839\" src=\"https:\/\/pierre-delaunay.fr\/marty-tatoo\/wp-content\/uploads\/visuel-salome1.jpg\" alt=\"\" width=\"750\" height=\"1000\" srcset=\"https:\/\/pierre-delaunay.fr\/marty-tatoo\/wp-content\/uploads\/visuel-salome1.jpg 750w, https:\/\/pierre-delaunay.fr\/marty-tatoo\/wp-content\/uploads\/visuel-salome1-600x800.jpg 600w, https:\/\/pierre-delaunay.fr\/marty-tatoo\/wp-content\/uploads\/visuel-salome1-225x300.jpg 225w, https:\/\/pierre-delaunay.fr\/marty-tatoo\/wp-content\/uploads\/visuel-salome1-278x370.jpg 278w\" sizes=\"auto, (max-width: 750px) 100vw, 750px\" \/><\/a><\/p>\n<p><span style=\"font-size: 14px; color: #333333;\">Tatouage Bijou, tatouage \u00e9ph\u00e9m\u00e8re, tatouage paillette<\/span><\/p>\n<figure id=\"attachment_5840\" aria-describedby=\"caption-attachment-5840\" style=\"width: 750px\" class=\"wp-caption alignnone\"><a href=\"https:\/\/pierre-delaunay.fr\/marty-tatoo\/wp-content\/uploads\/visuel-salome2.jpg\"><img loading=\"lazy\" decoding=\"async\" class=\"size-full wp-image-5840\" src=\"https:\/\/pierre-delaunay.fr\/marty-tatoo\/wp-content\/uploads\/visuel-salome2.jpg\" alt=\"\" width=\"750\" height=\"1000\" srcset=\"https:\/\/pierre-delaunay.fr\/marty-tatoo\/wp-content\/uploads\/visuel-salome2.jpg 750w, https:\/\/pierre-delaunay.fr\/marty-tatoo\/wp-content\/uploads\/visuel-salome2-600x800.jpg 600w, https:\/\/pierre-delaunay.fr\/marty-tatoo\/wp-content\/uploads\/visuel-salome2-225x300.jpg 225w, https:\/\/pierre-delaunay.fr\/marty-tatoo\/wp-content\/uploads\/visuel-salome2-278x370.jpg 278w\" sizes=\"auto, (max-width: 750px) 100vw, 750px\" \/><\/a><figcaption id=\"caption-attachment-5840\" class=\"wp-caption-text\">Tatouage Bijou, tatouage \u00e9ph\u00e9m\u00e8re, tatouage paillette<\/figcaption><\/figure>\n<figure id=\"attachment_5841\" aria-describedby=\"caption-attachment-5841\" style=\"width: 750px\" class=\"wp-caption alignnone\"><a href=\"https:\/\/pierre-delaunay.fr\/marty-tatoo\/wp-content\/uploads\/visuel-salome3.jpg\"><img loading=\"lazy\" decoding=\"async\" class=\"size-full wp-image-5841\" src=\"https:\/\/pierre-delaunay.fr\/marty-tatoo\/wp-content\/uploads\/visuel-salome3.jpg\" alt=\"\" width=\"750\" height=\"1000\" srcset=\"https:\/\/pierre-delaunay.fr\/marty-tatoo\/wp-content\/uploads\/visuel-salome3.jpg 750w, https:\/\/pierre-delaunay.fr\/marty-tatoo\/wp-content\/uploads\/visuel-salome3-600x800.jpg 600w, https:\/\/pierre-delaunay.fr\/marty-tatoo\/wp-content\/uploads\/visuel-salome3-225x300.jpg 225w, https:\/\/pierre-delaunay.fr\/marty-tatoo\/wp-content\/uploads\/visuel-salome3-278x370.jpg 278w\" sizes=\"auto, (max-width: 750px) 100vw, 750px\" \/><\/a><figcaption id=\"caption-attachment-5841\" class=\"wp-caption-text\">Tatouage Bijou, tatouage \u00e9ph\u00e9m\u00e8re, tatouage paillette<\/figcaption><\/figure>\n<figure id=\"attachment_5842\" aria-describedby=\"caption-attachment-5842\" style=\"width: 750px\" class=\"wp-caption alignnone\"><a href=\"https:\/\/pierre-delaunay.fr\/marty-tatoo\/wp-content\/uploads\/visuel-salome4.jpg\"><img loading=\"lazy\" decoding=\"async\" class=\"size-full wp-image-5842\" src=\"https:\/\/pierre-delaunay.fr\/marty-tatoo\/wp-content\/uploads\/visuel-salome4.jpg\" alt=\"\" width=\"750\" height=\"1000\" srcset=\"https:\/\/pierre-delaunay.fr\/marty-tatoo\/wp-content\/uploads\/visuel-salome4.jpg 750w, https:\/\/pierre-delaunay.fr\/marty-tatoo\/wp-content\/uploads\/visuel-salome4-600x800.jpg 600w, https:\/\/pierre-delaunay.fr\/marty-tatoo\/wp-content\/uploads\/visuel-salome4-225x300.jpg 225w, https:\/\/pierre-delaunay.fr\/marty-tatoo\/wp-content\/uploads\/visuel-salome4-278x370.jpg 278w\" sizes=\"auto, (max-width: 750px) 100vw, 750px\" \/><\/a><figcaption id=\"caption-attachment-5842\" class=\"wp-caption-text\">Tatouage Bijou, tatouage \u00e9ph\u00e9m\u00e8re, tatouage paillette<\/figcaption><\/figure>\n<figure id=\"attachment_5845\" aria-describedby=\"caption-attachment-5845\" style=\"width: 750px\" class=\"wp-caption alignnone\"><a href=\"https:\/\/pierre-delaunay.fr\/marty-tatoo\/wp-content\/uploads\/visuel-salome5.jpg\"><img loading=\"lazy\" decoding=\"async\" class=\"size-full wp-image-5845\" src=\"https:\/\/pierre-delaunay.fr\/marty-tatoo\/wp-content\/uploads\/visuel-salome5.jpg\" alt=\"\" width=\"750\" height=\"1000\" srcset=\"https:\/\/pierre-delaunay.fr\/marty-tatoo\/wp-content\/uploads\/visuel-salome5.jpg 750w, https:\/\/pierre-delaunay.fr\/marty-tatoo\/wp-content\/uploads\/visuel-salome5-600x800.jpg 600w, https:\/\/pierre-delaunay.fr\/marty-tatoo\/wp-content\/uploads\/visuel-salome5-225x300.jpg 225w, https:\/\/pierre-delaunay.fr\/marty-tatoo\/wp-content\/uploads\/visuel-salome5-278x370.jpg 278w\" sizes=\"auto, (max-width: 750px) 100vw, 750px\" \/><\/a><figcaption id=\"caption-attachment-5845\" class=\"wp-caption-text\">Tatouage Bijou, tatouage \u00e9ph\u00e9m\u00e8re, tatouage paillette<\/figcaption><\/figure>\n<figure id=\"attachment_5846\" aria-describedby=\"caption-attachment-5846\" style=\"width: 750px\" class=\"wp-caption alignnone\"><a href=\"https:\/\/pierre-delaunay.fr\/marty-tatoo\/wp-content\/uploads\/visuel-salome6.jpg\"><img loading=\"lazy\" decoding=\"async\" class=\"size-full wp-image-5846\" src=\"https:\/\/pierre-delaunay.fr\/marty-tatoo\/wp-content\/uploads\/visuel-salome6.jpg\" alt=\"\" width=\"750\" height=\"1000\" srcset=\"https:\/\/pierre-delaunay.fr\/marty-tatoo\/wp-content\/uploads\/visuel-salome6.jpg 750w, https:\/\/pierre-delaunay.fr\/marty-tatoo\/wp-content\/uploads\/visuel-salome6-600x800.jpg 600w, https:\/\/pierre-delaunay.fr\/marty-tatoo\/wp-content\/uploads\/visuel-salome6-225x300.jpg 225w, https:\/\/pierre-delaunay.fr\/marty-tatoo\/wp-content\/uploads\/visuel-salome6-278x370.jpg 278w\" sizes=\"auto, (max-width: 750px) 100vw, 750px\" \/><\/a><figcaption id=\"caption-attachment-5846\" class=\"wp-caption-text\">Tatouage Bijou, tatouage \u00e9ph\u00e9m\u00e8re, tatouage paillette<\/figcaption><\/figure>\n","protected":false},"excerpt":{"rendered":"<p>Retrouvez Salom\u00e9 sur les plages cet \u00e9t\u00e9!\u2026 Form\u00e9e en tatouage \u00e9ph\u00e9m\u00e8re en 2015 \u00e0 l\u2019\u00e9cole de\u00a0formation\u00a0MARTYTATOO, Salom\u00e9 fait partie de notre \u00e9quipe \u00e9v\u00e8nementielle. Avec talent, elle vous cr\u00e9era des\u00a0tatouages bijou\u00a0de toute beaut\u00e9 pour vous illuminer tout l\u2019\u00e9t\u00e9!\u2026 Vous la trouverez cet \u00e9t\u00e9 sur les plages priv\u00e9es les plus hupp\u00e9es de la c\u00f4te d\u2019Azur : Nikki&#8230;<\/p>\n<p><a rel=\"bookmark\" class=\"tattoopress-button-text wvc-button wvc-button-size-sm\" href=\"https:\/\/pierre-delaunay.fr\/marty-tatoo\/actualite\/sea-sun-tatouage-bijou-oblige-cet-ete-avec-salome\/\"><small class=\"wvc-button-background-fill\"><\/small><span>continue reading<\/span><\/a><\/p>\n","protected":false},"author":3,"featured_media":5843,"comment_status":"closed","ping_status":"open","sticky":false,"template":"","format":"gallery","meta":{"footnotes":""},"categories":[3],"tags":[],"class_list":{"0":"post-5835","1":"post","2":"type-post","3":"status-publish","4":"format-gallery","5":"has-post-thumbnail","6":"hentry","7":"category-actu","8":"post_format-post-format-gallery","9":"entry-post-skin-light","10":"entry","11":"clearfix","12":"entry-grid","13":"entry-columns-default","14":"entry-post-module-layout-standard","15":"thumbnail-color-tone-dark","16":"entry-post","18":"entry-post-grid"},"yoast_head":"<!-- This site is optimized with the Yoast SEO plugin v24.1 - https:\/\/yoast.com\/wordpress\/plugins\/seo\/ -->\n<title>Sea, Sun &amp; tatouage BIJOU oblige... cet \u00e9t\u00e9 avec Salom\u00e9! - Marty Tatoo<\/title>\n<meta name=\"robots\" content=\"noindex, follow, max-snippet:-1, max-image-preview:large, max-video-preview:-1\" \/>\n<meta property=\"og:locale\" content=\"fr_FR\" \/>\n<meta property=\"og:type\" content=\"article\" \/>\n<meta property=\"og:title\" content=\"Sea, Sun &amp; tatouage BIJOU oblige... cet \u00e9t\u00e9 avec Salom\u00e9! - Marty Tatoo\" \/>\n<meta property=\"og:description\" content=\"Retrouvez Salom\u00e9 sur les plages cet \u00e9t\u00e9!\u2026 Form\u00e9e en tatouage \u00e9ph\u00e9m\u00e8re en 2015 \u00e0 l\u2019\u00e9cole de\u00a0formation\u00a0MARTYTATOO, Salom\u00e9 fait partie de notre \u00e9quipe \u00e9v\u00e8nementielle. Avec talent, elle vous cr\u00e9era des\u00a0tatouages bijou\u00a0de toute beaut\u00e9 pour vous illuminer tout l\u2019\u00e9t\u00e9!\u2026 Vous la trouverez cet \u00e9t\u00e9 sur les plages priv\u00e9es les plus hupp\u00e9es de la c\u00f4te d\u2019Azur : Nikki...continue reading\" \/>\n<meta property=\"og:url\" content=\"https:\/\/pierre-delaunay.fr\/marty-tatoo\/actualite\/sea-sun-tatouage-bijou-oblige-cet-ete-avec-salome\/\" \/>\n<meta property=\"og:site_name\" content=\"Marty Tatoo\" \/>\n<meta property=\"article:publisher\" content=\"https:\/\/fr-fr.facebook.com\/AtelierMartyTatoo\/\" \/>\n<meta property=\"article:published_time\" content=\"2019-07-22T14:15:00+00:00\" \/>\n<meta property=\"article:modified_time\" content=\"2025-01-19T14:39:42+00:00\" \/>\n<meta property=\"og:image\" content=\"https:\/\/pierre-delaunay.fr\/marty-tatoo\/wp-content\/uploads\/1-affiche-salome\u0301.jpg\" \/>\n\t<meta property=\"og:image:width\" content=\"1024\" \/>\n\t<meta property=\"og:image:height\" content=\"683\" \/>\n\t<meta property=\"og:image:type\" content=\"image\/jpeg\" \/>\n<meta name=\"author\" content=\"Corentine Buron\" \/>\n<meta name=\"twitter:card\" content=\"summary_large_image\" \/>\n<meta name=\"twitter:label1\" content=\"\u00c9crit par\" \/>\n\t<meta name=\"twitter:data1\" content=\"Corentine Buron\" \/>\n\t<meta name=\"twitter:label2\" content=\"Dur\u00e9e de lecture estim\u00e9e\" \/>\n\t<meta name=\"twitter:data2\" content=\"3 minutes\" \/>\n<script type=\"application\/ld+json\" class=\"yoast-schema-graph\">{\"@context\":\"https:\/\/schema.org\",\"@graph\":[{\"@type\":\"Article\",\"@id\":\"https:\/\/pierre-delaunay.fr\/marty-tatoo\/actualite\/sea-sun-tatouage-bijou-oblige-cet-ete-avec-salome\/#article\",\"isPartOf\":{\"@id\":\"https:\/\/pierre-delaunay.fr\/marty-tatoo\/actualite\/sea-sun-tatouage-bijou-oblige-cet-ete-avec-salome\/\"},\"author\":{\"name\":\"Corentine Buron\",\"@id\":\"https:\/\/pierre-delaunay.fr\/marty-tatoo\/#\/schema\/person\/455a3c360bd822545b683883f8e15bd1\"},\"headline\":\"Sea, Sun &#038; tatouage BIJOU oblige&#8230; cet \u00e9t\u00e9 avec Salom\u00e9!\",\"datePublished\":\"2019-07-22T14:15:00+00:00\",\"dateModified\":\"2025-01-19T14:39:42+00:00\",\"mainEntityOfPage\":{\"@id\":\"https:\/\/pierre-delaunay.fr\/marty-tatoo\/actualite\/sea-sun-tatouage-bijou-oblige-cet-ete-avec-salome\/\"},\"wordCount\":173,\"publisher\":{\"@id\":\"https:\/\/pierre-delaunay.fr\/marty-tatoo\/#organization\"},\"image\":{\"@id\":\"https:\/\/pierre-delaunay.fr\/marty-tatoo\/actualite\/sea-sun-tatouage-bijou-oblige-cet-ete-avec-salome\/#primaryimage\"},\"thumbnailUrl\":\"https:\/\/pierre-delaunay.fr\/marty-tatoo\/wp-content\/uploads\/1-affiche-salome\u0301.jpg\",\"articleSection\":[\"Actualit\u00e9\"],\"inLanguage\":\"fr-FR\"},{\"@type\":\"WebPage\",\"@id\":\"https:\/\/pierre-delaunay.fr\/marty-tatoo\/actualite\/sea-sun-tatouage-bijou-oblige-cet-ete-avec-salome\/\",\"url\":\"https:\/\/pierre-delaunay.fr\/marty-tatoo\/actualite\/sea-sun-tatouage-bijou-oblige-cet-ete-avec-salome\/\",\"name\":\"Sea, Sun & tatouage BIJOU oblige... cet \u00e9t\u00e9 avec Salom\u00e9! - Marty Tatoo\",\"isPartOf\":{\"@id\":\"https:\/\/pierre-delaunay.fr\/marty-tatoo\/#website\"},\"primaryImageOfPage\":{\"@id\":\"https:\/\/pierre-delaunay.fr\/marty-tatoo\/actualite\/sea-sun-tatouage-bijou-oblige-cet-ete-avec-salome\/#primaryimage\"},\"image\":{\"@id\":\"https:\/\/pierre-delaunay.fr\/marty-tatoo\/actualite\/sea-sun-tatouage-bijou-oblige-cet-ete-avec-salome\/#primaryimage\"},\"thumbnailUrl\":\"https:\/\/pierre-delaunay.fr\/marty-tatoo\/wp-content\/uploads\/1-affiche-salome\u0301.jpg\",\"datePublished\":\"2019-07-22T14:15:00+00:00\",\"dateModified\":\"2025-01-19T14:39:42+00:00\",\"breadcrumb\":{\"@id\":\"https:\/\/pierre-delaunay.fr\/marty-tatoo\/actualite\/sea-sun-tatouage-bijou-oblige-cet-ete-avec-salome\/#breadcrumb\"},\"inLanguage\":\"fr-FR\",\"potentialAction\":[{\"@type\":\"ReadAction\",\"target\":[\"https:\/\/pierre-delaunay.fr\/marty-tatoo\/actualite\/sea-sun-tatouage-bijou-oblige-cet-ete-avec-salome\/\"]}]},{\"@type\":\"ImageObject\",\"inLanguage\":\"fr-FR\",\"@id\":\"https:\/\/pierre-delaunay.fr\/marty-tatoo\/actualite\/sea-sun-tatouage-bijou-oblige-cet-ete-avec-salome\/#primaryimage\",\"url\":\"https:\/\/pierre-delaunay.fr\/marty-tatoo\/wp-content\/uploads\/1-affiche-salome\u0301.jpg\",\"contentUrl\":\"https:\/\/pierre-delaunay.fr\/marty-tatoo\/wp-content\/uploads\/1-affiche-salome\u0301.jpg\",\"width\":1024,\"height\":683,\"caption\":\"Tatouage Bijou, tatouage \u00e9ph\u00e9m\u00e8re, tatouage paillette\"},{\"@type\":\"BreadcrumbList\",\"@id\":\"https:\/\/pierre-delaunay.fr\/marty-tatoo\/actualite\/sea-sun-tatouage-bijou-oblige-cet-ete-avec-salome\/#breadcrumb\",\"itemListElement\":[{\"@type\":\"ListItem\",\"position\":1,\"name\":\"Accueil\",\"item\":\"https:\/\/pierre-delaunay.fr\/marty-tatoo\/\"},{\"@type\":\"ListItem\",\"position\":2,\"name\":\"Sea, Sun &#038; tatouage BIJOU oblige&#8230; cet \u00e9t\u00e9 avec Salom\u00e9!\"}]},{\"@type\":\"WebSite\",\"@id\":\"https:\/\/pierre-delaunay.fr\/marty-tatoo\/#website\",\"url\":\"https:\/\/pierre-delaunay.fr\/marty-tatoo\/\",\"name\":\"Marty Tatoo\",\"description\":\"PARIS\",\"publisher\":{\"@id\":\"https:\/\/pierre-delaunay.fr\/marty-tatoo\/#organization\"},\"potentialAction\":[{\"@type\":\"SearchAction\",\"target\":{\"@type\":\"EntryPoint\",\"urlTemplate\":\"https:\/\/pierre-delaunay.fr\/marty-tatoo\/?s={search_term_string}\"},\"query-input\":{\"@type\":\"PropertyValueSpecification\",\"valueRequired\":true,\"valueName\":\"search_term_string\"}}],\"inLanguage\":\"fr-FR\"},{\"@type\":\"Organization\",\"@id\":\"https:\/\/pierre-delaunay.fr\/marty-tatoo\/#organization\",\"name\":\"Marty Tatoo\",\"url\":\"https:\/\/pierre-delaunay.fr\/marty-tatoo\/\",\"logo\":{\"@type\":\"ImageObject\",\"inLanguage\":\"fr-FR\",\"@id\":\"https:\/\/pierre-delaunay.fr\/marty-tatoo\/#\/schema\/logo\/image\/\",\"url\":\"https:\/\/pierre-delaunay.fr\/marty-tatoo\/wp-content\/uploads\/logo-plien-png.png\",\"contentUrl\":\"https:\/\/pierre-delaunay.fr\/marty-tatoo\/wp-content\/uploads\/logo-plien-png.png\",\"width\":154,\"height\":150,\"caption\":\"Marty Tatoo\"},\"image\":{\"@id\":\"https:\/\/pierre-delaunay.fr\/marty-tatoo\/#\/schema\/logo\/image\/\"},\"sameAs\":[\"https:\/\/fr-fr.facebook.com\/AtelierMartyTatoo\/\",\"https:\/\/www.instagram.com\/martytatoo_officiel\/\"]},{\"@type\":\"Person\",\"@id\":\"https:\/\/pierre-delaunay.fr\/marty-tatoo\/#\/schema\/person\/455a3c360bd822545b683883f8e15bd1\",\"name\":\"Corentine Buron\",\"url\":\"https:\/\/pierre-delaunay.fr\/marty-tatoo\/actualite\/author\/corentine\/\"}]}<\/script>\n<!-- \/ Yoast SEO plugin. -->","yoast_head_json":{"title":"Sea, Sun & tatouage BIJOU oblige... cet \u00e9t\u00e9 avec Salom\u00e9! - Marty Tatoo","robots":{"index":"noindex","follow":"follow","max-snippet":"max-snippet:-1","max-image-preview":"max-image-preview:large","max-video-preview":"max-video-preview:-1"},"og_locale":"fr_FR","og_type":"article","og_title":"Sea, Sun & tatouage BIJOU oblige... cet \u00e9t\u00e9 avec Salom\u00e9! - Marty Tatoo","og_description":"Retrouvez Salom\u00e9 sur les plages cet \u00e9t\u00e9!\u2026 Form\u00e9e en tatouage \u00e9ph\u00e9m\u00e8re en 2015 \u00e0 l\u2019\u00e9cole de\u00a0formation\u00a0MARTYTATOO, Salom\u00e9 fait partie de notre \u00e9quipe \u00e9v\u00e8nementielle. Avec talent, elle vous cr\u00e9era des\u00a0tatouages bijou\u00a0de toute beaut\u00e9 pour vous illuminer tout l\u2019\u00e9t\u00e9!\u2026 Vous la trouverez cet \u00e9t\u00e9 sur les plages priv\u00e9es les plus hupp\u00e9es de la c\u00f4te d\u2019Azur : Nikki...continue reading","og_url":"https:\/\/pierre-delaunay.fr\/marty-tatoo\/actualite\/sea-sun-tatouage-bijou-oblige-cet-ete-avec-salome\/","og_site_name":"Marty Tatoo","article_publisher":"https:\/\/fr-fr.facebook.com\/AtelierMartyTatoo\/","article_published_time":"2019-07-22T14:15:00+00:00","article_modified_time":"2025-01-19T14:39:42+00:00","og_image":[{"width":1024,"height":683,"url":"https:\/\/pierre-delaunay.fr\/marty-tatoo\/wp-content\/uploads\/1-affiche-salome\u0301.jpg","type":"image\/jpeg"}],"author":"Corentine Buron","twitter_card":"summary_large_image","twitter_misc":{"\u00c9crit par":"Corentine Buron","Dur\u00e9e de lecture estim\u00e9e":"3 minutes"},"schema":{"@context":"https:\/\/schema.org","@graph":[{"@type":"Article","@id":"https:\/\/pierre-delaunay.fr\/marty-tatoo\/actualite\/sea-sun-tatouage-bijou-oblige-cet-ete-avec-salome\/#article","isPartOf":{"@id":"https:\/\/pierre-delaunay.fr\/marty-tatoo\/actualite\/sea-sun-tatouage-bijou-oblige-cet-ete-avec-salome\/"},"author":{"name":"Corentine Buron","@id":"https:\/\/pierre-delaunay.fr\/marty-tatoo\/#\/schema\/person\/455a3c360bd822545b683883f8e15bd1"},"headline":"Sea, Sun &#038; tatouage BIJOU oblige&#8230; cet \u00e9t\u00e9 avec Salom\u00e9!","datePublished":"2019-07-22T14:15:00+00:00","dateModified":"2025-01-19T14:39:42+00:00","mainEntityOfPage":{"@id":"https:\/\/pierre-delaunay.fr\/marty-tatoo\/actualite\/sea-sun-tatouage-bijou-oblige-cet-ete-avec-salome\/"},"wordCount":173,"publisher":{"@id":"https:\/\/pierre-delaunay.fr\/marty-tatoo\/#organization"},"image":{"@id":"https:\/\/pierre-delaunay.fr\/marty-tatoo\/actualite\/sea-sun-tatouage-bijou-oblige-cet-ete-avec-salome\/#primaryimage"},"thumbnailUrl":"https:\/\/pierre-delaunay.fr\/marty-tatoo\/wp-content\/uploads\/1-affiche-salome\u0301.jpg","articleSection":["Actualit\u00e9"],"inLanguage":"fr-FR"},{"@type":"WebPage","@id":"https:\/\/pierre-delaunay.fr\/marty-tatoo\/actualite\/sea-sun-tatouage-bijou-oblige-cet-ete-avec-salome\/","url":"https:\/\/pierre-delaunay.fr\/marty-tatoo\/actualite\/sea-sun-tatouage-bijou-oblige-cet-ete-avec-salome\/","name":"Sea, Sun & tatouage BIJOU oblige... cet \u00e9t\u00e9 avec Salom\u00e9! - Marty Tatoo","isPartOf":{"@id":"https:\/\/pierre-delaunay.fr\/marty-tatoo\/#website"},"primaryImageOfPage":{"@id":"https:\/\/pierre-delaunay.fr\/marty-tatoo\/actualite\/sea-sun-tatouage-bijou-oblige-cet-ete-avec-salome\/#primaryimage"},"image":{"@id":"https:\/\/pierre-delaunay.fr\/marty-tatoo\/actualite\/sea-sun-tatouage-bijou-oblige-cet-ete-avec-salome\/#primaryimage"},"thumbnailUrl":"https:\/\/pierre-delaunay.fr\/marty-tatoo\/wp-content\/uploads\/1-affiche-salome\u0301.jpg","datePublished":"2019-07-22T14:15:00+00:00","dateModified":"2025-01-19T14:39:42+00:00","breadcrumb":{"@id":"https:\/\/pierre-delaunay.fr\/marty-tatoo\/actualite\/sea-sun-tatouage-bijou-oblige-cet-ete-avec-salome\/#breadcrumb"},"inLanguage":"fr-FR","potentialAction":[{"@type":"ReadAction","target":["https:\/\/pierre-delaunay.fr\/marty-tatoo\/actualite\/sea-sun-tatouage-bijou-oblige-cet-ete-avec-salome\/"]}]},{"@type":"ImageObject","inLanguage":"fr-FR","@id":"https:\/\/pierre-delaunay.fr\/marty-tatoo\/actualite\/sea-sun-tatouage-bijou-oblige-cet-ete-avec-salome\/#primaryimage","url":"https:\/\/pierre-delaunay.fr\/marty-tatoo\/wp-content\/uploads\/1-affiche-salome\u0301.jpg","contentUrl":"https:\/\/pierre-delaunay.fr\/marty-tatoo\/wp-content\/uploads\/1-affiche-salome\u0301.jpg","width":1024,"height":683,"caption":"Tatouage Bijou, tatouage \u00e9ph\u00e9m\u00e8re, tatouage paillette"},{"@type":"BreadcrumbList","@id":"https:\/\/pierre-delaunay.fr\/marty-tatoo\/actualite\/sea-sun-tatouage-bijou-oblige-cet-ete-avec-salome\/#breadcrumb","itemListElement":[{"@type":"ListItem","position":1,"name":"Accueil","item":"https:\/\/pierre-delaunay.fr\/marty-tatoo\/"},{"@type":"ListItem","position":2,"name":"Sea, Sun &#038; tatouage BIJOU oblige&#8230; cet \u00e9t\u00e9 avec Salom\u00e9!"}]},{"@type":"WebSite","@id":"https:\/\/pierre-delaunay.fr\/marty-tatoo\/#website","url":"https:\/\/pierre-delaunay.fr\/marty-tatoo\/","name":"Marty Tatoo","description":"PARIS","publisher":{"@id":"https:\/\/pierre-delaunay.fr\/marty-tatoo\/#organization"},"potentialAction":[{"@type":"SearchAction","target":{"@type":"EntryPoint","urlTemplate":"https:\/\/pierre-delaunay.fr\/marty-tatoo\/?s={search_term_string}"},"query-input":{"@type":"PropertyValueSpecification","valueRequired":true,"valueName":"search_term_string"}}],"inLanguage":"fr-FR"},{"@type":"Organization","@id":"https:\/\/pierre-delaunay.fr\/marty-tatoo\/#organization","name":"Marty Tatoo","url":"https:\/\/pierre-delaunay.fr\/marty-tatoo\/","logo":{"@type":"ImageObject","inLanguage":"fr-FR","@id":"https:\/\/pierre-delaunay.fr\/marty-tatoo\/#\/schema\/logo\/image\/","url":"https:\/\/pierre-delaunay.fr\/marty-tatoo\/wp-content\/uploads\/logo-plien-png.png","contentUrl":"https:\/\/pierre-delaunay.fr\/marty-tatoo\/wp-content\/uploads\/logo-plien-png.png","width":154,"height":150,"caption":"Marty Tatoo"},"image":{"@id":"https:\/\/pierre-delaunay.fr\/marty-tatoo\/#\/schema\/logo\/image\/"},"sameAs":["https:\/\/fr-fr.facebook.com\/AtelierMartyTatoo\/","https:\/\/www.instagram.com\/martytatoo_officiel\/"]},{"@type":"Person","@id":"https:\/\/pierre-delaunay.fr\/marty-tatoo\/#\/schema\/person\/455a3c360bd822545b683883f8e15bd1","name":"Corentine Buron","url":"https:\/\/pierre-delaunay.fr\/marty-tatoo\/actualite\/author\/corentine\/"}]}},"_links":{"self":[{"href":"https:\/\/pierre-delaunay.fr\/marty-tatoo\/wp-json\/wp\/v2\/posts\/5835","targetHints":{"allow":["GET"]}}],"collection":[{"href":"https:\/\/pierre-delaunay.fr\/marty-tatoo\/wp-json\/wp\/v2\/posts"}],"about":[{"href":"https:\/\/pierre-delaunay.fr\/marty-tatoo\/wp-json\/wp\/v2\/types\/post"}],"author":[{"embeddable":true,"href":"https:\/\/pierre-delaunay.fr\/marty-tatoo\/wp-json\/wp\/v2\/users\/3"}],"replies":[{"embeddable":true,"href":"https:\/\/pierre-delaunay.fr\/marty-tatoo\/wp-json\/wp\/v2\/comments?post=5835"}],"version-history":[{"count":6,"href":"https:\/\/pierre-delaunay.fr\/marty-tatoo\/wp-json\/wp\/v2\/posts\/5835\/revisions"}],"predecessor-version":[{"id":25138,"href":"https:\/\/pierre-delaunay.fr\/marty-tatoo\/wp-json\/wp\/v2\/posts\/5835\/revisions\/25138"}],"wp:featuredmedia":[{"embeddable":true,"href":"https:\/\/pierre-delaunay.fr\/marty-tatoo\/wp-json\/wp\/v2\/media\/5843"}],"wp:attachment":[{"href":"https:\/\/pierre-delaunay.fr\/marty-tatoo\/wp-json\/wp\/v2\/media?parent=5835"}],"wp:term":[{"taxonomy":"category","embeddable":true,"href":"https:\/\/pierre-delaunay.fr\/marty-tatoo\/wp-json\/wp\/v2\/categories?post=5835"},{"taxonomy":"post_tag","embeddable":true,"href":"https:\/\/pierre-delaunay.fr\/marty-tatoo\/wp-json\/wp\/v2\/tags?post=5835"}],"curies":[{"name":"wp","href":"https:\/\/api.w.org\/{rel}","templated":true}]}}