{"id":5555,"date":"2019-07-09T22:25:14","date_gmt":"2019-07-09T20:25:14","guid":{"rendered":"https:\/\/martytatoo.paris\/?p=5555"},"modified":"2024-12-11T14:05:41","modified_gmt":"2024-12-11T13:05:41","slug":"rencontre-avec-un-phenix","status":"publish","type":"post","link":"https:\/\/pierre-delaunay.fr\/marty-tatoo\/actualite\/rencontre-avec-un-phenix\/","title":{"rendered":"Rencontre avec un ph\u00e9nix !.."},"content":{"rendered":"<div class=\"video-shortcode-container\"><div style=\"width: 360px;\" class=\"wp-video\"><!--[if lt IE 9]><script>document.createElement('video');<\/script><![endif]-->\n<video class=\"wp-video-shortcode\" id=\"video-5555-1\" width=\"360\" height=\"203\" preload=\"metadata\" controls=\"controls\"><source type=\"video\/mp4\" src=\"https:\/\/martytatoo.paris\/wp-content\/uploads\/AYMERIC-IMG_4625-1.mp4?_=1\" \/><a href=\"https:\/\/martytatoo.paris\/wp-content\/uploads\/AYMERIC-IMG_4625-1.mp4\">https:\/\/martytatoo.paris\/wp-content\/uploads\/AYMERIC-IMG_4625-1.mp4<\/a><\/video><\/div><\/div>\n<p>&nbsp;<\/p>\n<h3>AYMERIC!&#8230; Son histoire est trop priv\u00e9e pour vous la raconter!&#8230;<\/h3>\n<p style=\"text-align: justify;\">Mais apr\u00e8s un rendez-vous, Aymeric, ses parents et moi-m\u00eame&#8230; On m&rsquo;a demand\u00e9 de prendre une grande d\u00e9cision&#8230; La plus importante que j&rsquo;ai eu \u00e0 prendre dans mon m\u00e9tier&#8230; Et je n&rsquo;ai pas eu peur, je me suis sentie confiante et en paix&#8230; Il ne pouvait rien nous arriver de douloureux parce que c&rsquo;\u00e9tait derri\u00e8re et j&rsquo;en \u00e9tais convaincue&#8230; J&rsquo;\u00e9tais confiante, c&rsquo;\u00e9tait tellement important pour lui&#8230; Il nous a apport\u00e9 la photo d&rsquo;un ph\u00e9nix&#8230; Nous l&rsquo;avons reproduit sur mesure et surtout!.. il nous a bien pr\u00e9cis\u00e9 qu&rsquo;il devait tourner autour de son bras comme il le souhaitait&#8230; Je n&rsquo;ai toujours pas les mots&#8230; Et ce n&rsquo;est pas n\u00e9cessaire! L&rsquo;\u00e9motion \u00e9tait forte et je suis heureuse de vous montrer la manchette d&rsquo;Aymeric&#8230; tout simplement. Marty<\/p>\n","protected":false},"excerpt":{"rendered":"<p>&nbsp; AYMERIC!&#8230; Son histoire est trop priv\u00e9e pour vous la raconter!&#8230; Mais apr\u00e8s un rendez-vous, Aymeric, ses parents et moi-m\u00eame&#8230; On m&rsquo;a demand\u00e9 de prendre une grande d\u00e9cision&#8230; La plus importante que j&rsquo;ai eu \u00e0 prendre dans mon m\u00e9tier&#8230; Et je n&rsquo;ai pas eu peur, je me suis sentie confiante et en paix&#8230; Il ne&#8230;<\/p>\n<p><a rel=\"bookmark\" class=\"tattoopress-button-text wvc-button wvc-button-size-sm\" href=\"https:\/\/pierre-delaunay.fr\/marty-tatoo\/actualite\/rencontre-avec-un-phenix\/\"><small class=\"wvc-button-background-fill\"><\/small><span>continue reading<\/span><\/a><\/p>\n","protected":false},"author":3,"featured_media":5560,"comment_status":"closed","ping_status":"open","sticky":false,"template":"","format":"video","meta":{"footnotes":""},"categories":[3],"tags":[],"class_list":{"0":"post-5555","1":"post","2":"type-post","3":"status-publish","4":"format-video","5":"has-post-thumbnail","6":"hentry","7":"category-actu","8":"post_format-post-format-video","9":"entry-post-skin-light","10":"entry","11":"clearfix","12":"entry-grid","13":"entry-columns-default","14":"entry-post-module-layout-standard","15":"thumbnail-color-tone-dark","16":"is-mp4","17":"has-video","18":"entry-post","20":"entry-post-grid"},"yoast_head":"<!-- This site is optimized with the Yoast SEO plugin v24.1 - https:\/\/yoast.com\/wordpress\/plugins\/seo\/ -->\n<title>Rencontre avec un ph\u00e9nix !.. - Marty Tatoo<\/title>\n<meta name=\"robots\" content=\"noindex, follow, max-snippet:-1, max-image-preview:large, max-video-preview:-1\" \/>\n<meta property=\"og:locale\" content=\"fr_FR\" \/>\n<meta property=\"og:type\" content=\"article\" \/>\n<meta property=\"og:title\" content=\"Rencontre avec un ph\u00e9nix !.. - Marty Tatoo\" \/>\n<meta property=\"og:description\" content=\"&nbsp; AYMERIC!&#8230; Son histoire est trop priv\u00e9e pour vous la raconter!&#8230; Mais apr\u00e8s un rendez-vous, Aymeric, ses parents et moi-m\u00eame&#8230; On m&rsquo;a demand\u00e9 de prendre une grande d\u00e9cision&#8230; La plus importante que j&rsquo;ai eu \u00e0 prendre dans mon m\u00e9tier&#8230; Et je n&rsquo;ai pas eu peur, je me suis sentie confiante et en paix&#8230; Il ne...continue reading\" \/>\n<meta property=\"og:url\" content=\"https:\/\/pierre-delaunay.fr\/marty-tatoo\/actualite\/rencontre-avec-un-phenix\/\" \/>\n<meta property=\"og:site_name\" content=\"Marty Tatoo\" \/>\n<meta property=\"article:publisher\" content=\"https:\/\/fr-fr.facebook.com\/AtelierMartyTatoo\/\" \/>\n<meta property=\"article:published_time\" content=\"2019-07-09T20:25:14+00:00\" \/>\n<meta property=\"article:modified_time\" content=\"2024-12-11T13:05:41+00:00\" \/>\n<meta property=\"og:image\" content=\"https:\/\/pierre-delaunay.fr\/marty-tatoo\/wp-content\/uploads\/2-affiche-aymeric-format-prez.jpg\" \/>\n\t<meta property=\"og:image:width\" content=\"1024\" \/>\n\t<meta property=\"og:image:height\" content=\"683\" \/>\n\t<meta property=\"og:image:type\" content=\"image\/jpeg\" \/>\n<meta name=\"author\" content=\"Corentine Buron\" \/>\n<meta name=\"twitter:card\" content=\"summary_large_image\" \/>\n<meta name=\"twitter:label1\" content=\"\u00c9crit par\" \/>\n\t<meta name=\"twitter:data1\" content=\"Corentine Buron\" \/>\n\t<meta name=\"twitter:label2\" content=\"Dur\u00e9e de lecture estim\u00e9e\" \/>\n\t<meta name=\"twitter:data2\" content=\"1 minute\" \/>\n<script type=\"application\/ld+json\" class=\"yoast-schema-graph\">{\"@context\":\"https:\/\/schema.org\",\"@graph\":[{\"@type\":\"Article\",\"@id\":\"https:\/\/pierre-delaunay.fr\/marty-tatoo\/actualite\/rencontre-avec-un-phenix\/#article\",\"isPartOf\":{\"@id\":\"https:\/\/pierre-delaunay.fr\/marty-tatoo\/actualite\/rencontre-avec-un-phenix\/\"},\"author\":{\"name\":\"Corentine Buron\",\"@id\":\"https:\/\/pierre-delaunay.fr\/marty-tatoo\/#\/schema\/person\/455a3c360bd822545b683883f8e15bd1\"},\"headline\":\"Rencontre avec un ph\u00e9nix !..\",\"datePublished\":\"2019-07-09T20:25:14+00:00\",\"dateModified\":\"2024-12-11T13:05:41+00:00\",\"mainEntityOfPage\":{\"@id\":\"https:\/\/pierre-delaunay.fr\/marty-tatoo\/actualite\/rencontre-avec-un-phenix\/\"},\"wordCount\":174,\"publisher\":{\"@id\":\"https:\/\/pierre-delaunay.fr\/marty-tatoo\/#organization\"},\"image\":{\"@id\":\"https:\/\/pierre-delaunay.fr\/marty-tatoo\/actualite\/rencontre-avec-un-phenix\/#primaryimage\"},\"thumbnailUrl\":\"https:\/\/pierre-delaunay.fr\/marty-tatoo\/wp-content\/uploads\/2-affiche-aymeric-format-prez.jpg\",\"articleSection\":[\"Actualit\u00e9\"],\"inLanguage\":\"fr-FR\"},{\"@type\":\"WebPage\",\"@id\":\"https:\/\/pierre-delaunay.fr\/marty-tatoo\/actualite\/rencontre-avec-un-phenix\/\",\"url\":\"https:\/\/pierre-delaunay.fr\/marty-tatoo\/actualite\/rencontre-avec-un-phenix\/\",\"name\":\"Rencontre avec un ph\u00e9nix !.. - Marty Tatoo\",\"isPartOf\":{\"@id\":\"https:\/\/pierre-delaunay.fr\/marty-tatoo\/#website\"},\"primaryImageOfPage\":{\"@id\":\"https:\/\/pierre-delaunay.fr\/marty-tatoo\/actualite\/rencontre-avec-un-phenix\/#primaryimage\"},\"image\":{\"@id\":\"https:\/\/pierre-delaunay.fr\/marty-tatoo\/actualite\/rencontre-avec-un-phenix\/#primaryimage\"},\"thumbnailUrl\":\"https:\/\/pierre-delaunay.fr\/marty-tatoo\/wp-content\/uploads\/2-affiche-aymeric-format-prez.jpg\",\"datePublished\":\"2019-07-09T20:25:14+00:00\",\"dateModified\":\"2024-12-11T13:05:41+00:00\",\"breadcrumb\":{\"@id\":\"https:\/\/pierre-delaunay.fr\/marty-tatoo\/actualite\/rencontre-avec-un-phenix\/#breadcrumb\"},\"inLanguage\":\"fr-FR\",\"potentialAction\":[{\"@type\":\"ReadAction\",\"target\":[\"https:\/\/pierre-delaunay.fr\/marty-tatoo\/actualite\/rencontre-avec-un-phenix\/\"]}]},{\"@type\":\"ImageObject\",\"inLanguage\":\"fr-FR\",\"@id\":\"https:\/\/pierre-delaunay.fr\/marty-tatoo\/actualite\/rencontre-avec-un-phenix\/#primaryimage\",\"url\":\"https:\/\/pierre-delaunay.fr\/marty-tatoo\/wp-content\/uploads\/2-affiche-aymeric-format-prez.jpg\",\"contentUrl\":\"https:\/\/pierre-delaunay.fr\/marty-tatoo\/wp-content\/uploads\/2-affiche-aymeric-format-prez.jpg\",\"width\":1024,\"height\":683,\"caption\":\"tatouage d\u00e9finitif\"},{\"@type\":\"BreadcrumbList\",\"@id\":\"https:\/\/pierre-delaunay.fr\/marty-tatoo\/actualite\/rencontre-avec-un-phenix\/#breadcrumb\",\"itemListElement\":[{\"@type\":\"ListItem\",\"position\":1,\"name\":\"Accueil\",\"item\":\"https:\/\/pierre-delaunay.fr\/marty-tatoo\/\"},{\"@type\":\"ListItem\",\"position\":2,\"name\":\"Rencontre avec un ph\u00e9nix !..\"}]},{\"@type\":\"WebSite\",\"@id\":\"https:\/\/pierre-delaunay.fr\/marty-tatoo\/#website\",\"url\":\"https:\/\/pierre-delaunay.fr\/marty-tatoo\/\",\"name\":\"Marty Tatoo\",\"description\":\"PARIS\",\"publisher\":{\"@id\":\"https:\/\/pierre-delaunay.fr\/marty-tatoo\/#organization\"},\"potentialAction\":[{\"@type\":\"SearchAction\",\"target\":{\"@type\":\"EntryPoint\",\"urlTemplate\":\"https:\/\/pierre-delaunay.fr\/marty-tatoo\/?s={search_term_string}\"},\"query-input\":{\"@type\":\"PropertyValueSpecification\",\"valueRequired\":true,\"valueName\":\"search_term_string\"}}],\"inLanguage\":\"fr-FR\"},{\"@type\":\"Organization\",\"@id\":\"https:\/\/pierre-delaunay.fr\/marty-tatoo\/#organization\",\"name\":\"Marty Tatoo\",\"url\":\"https:\/\/pierre-delaunay.fr\/marty-tatoo\/\",\"logo\":{\"@type\":\"ImageObject\",\"inLanguage\":\"fr-FR\",\"@id\":\"https:\/\/pierre-delaunay.fr\/marty-tatoo\/#\/schema\/logo\/image\/\",\"url\":\"https:\/\/pierre-delaunay.fr\/marty-tatoo\/wp-content\/uploads\/logo-plien-png.png\",\"contentUrl\":\"https:\/\/pierre-delaunay.fr\/marty-tatoo\/wp-content\/uploads\/logo-plien-png.png\",\"width\":154,\"height\":150,\"caption\":\"Marty Tatoo\"},\"image\":{\"@id\":\"https:\/\/pierre-delaunay.fr\/marty-tatoo\/#\/schema\/logo\/image\/\"},\"sameAs\":[\"https:\/\/fr-fr.facebook.com\/AtelierMartyTatoo\/\",\"https:\/\/www.instagram.com\/martytatoo_officiel\/\"]},{\"@type\":\"Person\",\"@id\":\"https:\/\/pierre-delaunay.fr\/marty-tatoo\/#\/schema\/person\/455a3c360bd822545b683883f8e15bd1\",\"name\":\"Corentine Buron\",\"url\":\"https:\/\/pierre-delaunay.fr\/marty-tatoo\/actualite\/author\/corentine\/\"}]}<\/script>\n<!-- \/ Yoast SEO plugin. -->","yoast_head_json":{"title":"Rencontre avec un ph\u00e9nix !.. - Marty Tatoo","robots":{"index":"noindex","follow":"follow","max-snippet":"max-snippet:-1","max-image-preview":"max-image-preview:large","max-video-preview":"max-video-preview:-1"},"og_locale":"fr_FR","og_type":"article","og_title":"Rencontre avec un ph\u00e9nix !.. - Marty Tatoo","og_description":"&nbsp; AYMERIC!&#8230; Son histoire est trop priv\u00e9e pour vous la raconter!&#8230; Mais apr\u00e8s un rendez-vous, Aymeric, ses parents et moi-m\u00eame&#8230; On m&rsquo;a demand\u00e9 de prendre une grande d\u00e9cision&#8230; La plus importante que j&rsquo;ai eu \u00e0 prendre dans mon m\u00e9tier&#8230; Et je n&rsquo;ai pas eu peur, je me suis sentie confiante et en paix&#8230; Il ne...continue reading","og_url":"https:\/\/pierre-delaunay.fr\/marty-tatoo\/actualite\/rencontre-avec-un-phenix\/","og_site_name":"Marty Tatoo","article_publisher":"https:\/\/fr-fr.facebook.com\/AtelierMartyTatoo\/","article_published_time":"2019-07-09T20:25:14+00:00","article_modified_time":"2024-12-11T13:05:41+00:00","og_image":[{"width":1024,"height":683,"url":"https:\/\/pierre-delaunay.fr\/marty-tatoo\/wp-content\/uploads\/2-affiche-aymeric-format-prez.jpg","type":"image\/jpeg"}],"author":"Corentine Buron","twitter_card":"summary_large_image","twitter_misc":{"\u00c9crit par":"Corentine Buron","Dur\u00e9e de lecture estim\u00e9e":"1 minute"},"schema":{"@context":"https:\/\/schema.org","@graph":[{"@type":"Article","@id":"https:\/\/pierre-delaunay.fr\/marty-tatoo\/actualite\/rencontre-avec-un-phenix\/#article","isPartOf":{"@id":"https:\/\/pierre-delaunay.fr\/marty-tatoo\/actualite\/rencontre-avec-un-phenix\/"},"author":{"name":"Corentine Buron","@id":"https:\/\/pierre-delaunay.fr\/marty-tatoo\/#\/schema\/person\/455a3c360bd822545b683883f8e15bd1"},"headline":"Rencontre avec un ph\u00e9nix !..","datePublished":"2019-07-09T20:25:14+00:00","dateModified":"2024-12-11T13:05:41+00:00","mainEntityOfPage":{"@id":"https:\/\/pierre-delaunay.fr\/marty-tatoo\/actualite\/rencontre-avec-un-phenix\/"},"wordCount":174,"publisher":{"@id":"https:\/\/pierre-delaunay.fr\/marty-tatoo\/#organization"},"image":{"@id":"https:\/\/pierre-delaunay.fr\/marty-tatoo\/actualite\/rencontre-avec-un-phenix\/#primaryimage"},"thumbnailUrl":"https:\/\/pierre-delaunay.fr\/marty-tatoo\/wp-content\/uploads\/2-affiche-aymeric-format-prez.jpg","articleSection":["Actualit\u00e9"],"inLanguage":"fr-FR"},{"@type":"WebPage","@id":"https:\/\/pierre-delaunay.fr\/marty-tatoo\/actualite\/rencontre-avec-un-phenix\/","url":"https:\/\/pierre-delaunay.fr\/marty-tatoo\/actualite\/rencontre-avec-un-phenix\/","name":"Rencontre avec un ph\u00e9nix !.. - Marty Tatoo","isPartOf":{"@id":"https:\/\/pierre-delaunay.fr\/marty-tatoo\/#website"},"primaryImageOfPage":{"@id":"https:\/\/pierre-delaunay.fr\/marty-tatoo\/actualite\/rencontre-avec-un-phenix\/#primaryimage"},"image":{"@id":"https:\/\/pierre-delaunay.fr\/marty-tatoo\/actualite\/rencontre-avec-un-phenix\/#primaryimage"},"thumbnailUrl":"https:\/\/pierre-delaunay.fr\/marty-tatoo\/wp-content\/uploads\/2-affiche-aymeric-format-prez.jpg","datePublished":"2019-07-09T20:25:14+00:00","dateModified":"2024-12-11T13:05:41+00:00","breadcrumb":{"@id":"https:\/\/pierre-delaunay.fr\/marty-tatoo\/actualite\/rencontre-avec-un-phenix\/#breadcrumb"},"inLanguage":"fr-FR","potentialAction":[{"@type":"ReadAction","target":["https:\/\/pierre-delaunay.fr\/marty-tatoo\/actualite\/rencontre-avec-un-phenix\/"]}]},{"@type":"ImageObject","inLanguage":"fr-FR","@id":"https:\/\/pierre-delaunay.fr\/marty-tatoo\/actualite\/rencontre-avec-un-phenix\/#primaryimage","url":"https:\/\/pierre-delaunay.fr\/marty-tatoo\/wp-content\/uploads\/2-affiche-aymeric-format-prez.jpg","contentUrl":"https:\/\/pierre-delaunay.fr\/marty-tatoo\/wp-content\/uploads\/2-affiche-aymeric-format-prez.jpg","width":1024,"height":683,"caption":"tatouage d\u00e9finitif"},{"@type":"BreadcrumbList","@id":"https:\/\/pierre-delaunay.fr\/marty-tatoo\/actualite\/rencontre-avec-un-phenix\/#breadcrumb","itemListElement":[{"@type":"ListItem","position":1,"name":"Accueil","item":"https:\/\/pierre-delaunay.fr\/marty-tatoo\/"},{"@type":"ListItem","position":2,"name":"Rencontre avec un ph\u00e9nix !.."}]},{"@type":"WebSite","@id":"https:\/\/pierre-delaunay.fr\/marty-tatoo\/#website","url":"https:\/\/pierre-delaunay.fr\/marty-tatoo\/","name":"Marty Tatoo","description":"PARIS","publisher":{"@id":"https:\/\/pierre-delaunay.fr\/marty-tatoo\/#organization"},"potentialAction":[{"@type":"SearchAction","target":{"@type":"EntryPoint","urlTemplate":"https:\/\/pierre-delaunay.fr\/marty-tatoo\/?s={search_term_string}"},"query-input":{"@type":"PropertyValueSpecification","valueRequired":true,"valueName":"search_term_string"}}],"inLanguage":"fr-FR"},{"@type":"Organization","@id":"https:\/\/pierre-delaunay.fr\/marty-tatoo\/#organization","name":"Marty Tatoo","url":"https:\/\/pierre-delaunay.fr\/marty-tatoo\/","logo":{"@type":"ImageObject","inLanguage":"fr-FR","@id":"https:\/\/pierre-delaunay.fr\/marty-tatoo\/#\/schema\/logo\/image\/","url":"https:\/\/pierre-delaunay.fr\/marty-tatoo\/wp-content\/uploads\/logo-plien-png.png","contentUrl":"https:\/\/pierre-delaunay.fr\/marty-tatoo\/wp-content\/uploads\/logo-plien-png.png","width":154,"height":150,"caption":"Marty Tatoo"},"image":{"@id":"https:\/\/pierre-delaunay.fr\/marty-tatoo\/#\/schema\/logo\/image\/"},"sameAs":["https:\/\/fr-fr.facebook.com\/AtelierMartyTatoo\/","https:\/\/www.instagram.com\/martytatoo_officiel\/"]},{"@type":"Person","@id":"https:\/\/pierre-delaunay.fr\/marty-tatoo\/#\/schema\/person\/455a3c360bd822545b683883f8e15bd1","name":"Corentine Buron","url":"https:\/\/pierre-delaunay.fr\/marty-tatoo\/actualite\/author\/corentine\/"}]}},"_links":{"self":[{"href":"https:\/\/pierre-delaunay.fr\/marty-tatoo\/wp-json\/wp\/v2\/posts\/5555","targetHints":{"allow":["GET"]}}],"collection":[{"href":"https:\/\/pierre-delaunay.fr\/marty-tatoo\/wp-json\/wp\/v2\/posts"}],"about":[{"href":"https:\/\/pierre-delaunay.fr\/marty-tatoo\/wp-json\/wp\/v2\/types\/post"}],"author":[{"embeddable":true,"href":"https:\/\/pierre-delaunay.fr\/marty-tatoo\/wp-json\/wp\/v2\/users\/3"}],"replies":[{"embeddable":true,"href":"https:\/\/pierre-delaunay.fr\/marty-tatoo\/wp-json\/wp\/v2\/comments?post=5555"}],"version-history":[{"count":8,"href":"https:\/\/pierre-delaunay.fr\/marty-tatoo\/wp-json\/wp\/v2\/posts\/5555\/revisions"}],"predecessor-version":[{"id":23947,"href":"https:\/\/pierre-delaunay.fr\/marty-tatoo\/wp-json\/wp\/v2\/posts\/5555\/revisions\/23947"}],"wp:featuredmedia":[{"embeddable":true,"href":"https:\/\/pierre-delaunay.fr\/marty-tatoo\/wp-json\/wp\/v2\/media\/5560"}],"wp:attachment":[{"href":"https:\/\/pierre-delaunay.fr\/marty-tatoo\/wp-json\/wp\/v2\/media?parent=5555"}],"wp:term":[{"taxonomy":"category","embeddable":true,"href":"https:\/\/pierre-delaunay.fr\/marty-tatoo\/wp-json\/wp\/v2\/categories?post=5555"},{"taxonomy":"post_tag","embeddable":true,"href":"https:\/\/pierre-delaunay.fr\/marty-tatoo\/wp-json\/wp\/v2\/tags?post=5555"}],"curies":[{"name":"wp","href":"https:\/\/api.w.org\/{rel}","templated":true}]}}