{"id":5537,"date":"2019-07-09T20:00:59","date_gmt":"2019-07-09T18:00:59","guid":{"rendered":"https:\/\/martytatoo.paris\/?p=5537"},"modified":"2024-12-11T14:05:41","modified_gmt":"2024-12-11T13:05:41","slug":"sortie-en-salle-du-film-ibiza-notre-prestation-en-tatouage-ephemere","status":"publish","type":"post","link":"https:\/\/pierre-delaunay.fr\/marty-tatoo\/actualite\/sortie-en-salle-du-film-ibiza-notre-prestation-en-tatouage-ephemere\/","title":{"rendered":"Sortie en salle du film IBIZA ! Notre prestation en tatouage \u00e9ph\u00e9m\u00e8re&#8230;"},"content":{"rendered":"<div class='wolf-images-gallery clearfix carousel-simple-gallery owl-carousel hover-default padding' id='gallery-994'><div class='block'><a title='Cin\u00e9ma, pub, tatouage \u00e9ph\u00e9m\u00e8re jagua' href='https:\/\/pierre-delaunay.fr\/marty-tatoo\/wp-content\/uploads\/2-affiche_film_ibiza_2019.jpg' class='lightbox image-item' rel='gallery-994'><img src='https:\/\/pierre-delaunay.fr\/marty-tatoo\/wp-content\/uploads\/2-affiche_film_ibiza_2019-600x900.jpg' alt='2&#8211;affiche_film_ibiza_2019'><\/a><\/div><div class='block'><a title='tatouage \u00e9ph\u00e9m\u00e8re, cin\u00e9ma' href='https:\/\/pierre-delaunay.fr\/marty-tatoo\/wp-content\/uploads\/1-alexis-corso_site.jpg' class='lightbox image-item' rel='gallery-994'><img src='https:\/\/pierre-delaunay.fr\/marty-tatoo\/wp-content\/uploads\/1-alexis-corso_site-600x900.jpg' alt='1-alexis-corso_site'><\/a><\/div><div class='block'><a title='' href='https:\/\/pierre-delaunay.fr\/marty-tatoo\/wp-content\/uploads\/3-alexis-corso_site.jpg' class='lightbox image-item' rel='gallery-994'><img src='https:\/\/pierre-delaunay.fr\/marty-tatoo\/wp-content\/uploads\/3-alexis-corso_site-600x900.jpg' alt='3-alexis-corso_site'><\/a><\/div><div class='block'><a title='tatouage \u00e9ph\u00e9m\u00e8re, cin\u00e9ma' href='https:\/\/pierre-delaunay.fr\/marty-tatoo\/wp-content\/uploads\/2-alexis-corso_site.jpg' class='lightbox image-item' rel='gallery-994'><img src='https:\/\/pierre-delaunay.fr\/marty-tatoo\/wp-content\/uploads\/2-alexis-corso_site-600x900.jpg' alt='2-alexis-corso_site'><\/a><\/div><\/div>\n<p>&nbsp;<\/p>\n<h3>L&rsquo;EQUIPE MARTYTATOO FAIT SON CINEMA!&#8230;<\/h3>\n<p style=\"text-align: justify;\">A l&rsquo;occasion de la sortie du film IBIZA, nous vous pr\u00e9sentons le travail que notre \u00e9quipe d&rsquo;artistes a effectu\u00e9 en tatouage \u00e9ph\u00e9m\u00e8re jagua sur le com\u00e9dien Alexis Corso&#8230; Folle ambiance \u00e0 l&rsquo;atelier!<\/p>\n","protected":false},"excerpt":{"rendered":"<p>&nbsp; L&rsquo;EQUIPE MARTYTATOO FAIT SON CINEMA!&#8230; A l&rsquo;occasion de la sortie du film IBIZA, nous vous pr\u00e9sentons le travail que notre \u00e9quipe d&rsquo;artistes a effectu\u00e9 en tatouage \u00e9ph\u00e9m\u00e8re jagua sur le com\u00e9dien Alexis Corso&#8230; Folle ambiance \u00e0 l&rsquo;atelier!<\/p>\n","protected":false},"author":3,"featured_media":5542,"comment_status":"closed","ping_status":"open","sticky":false,"template":"","format":"gallery","meta":{"footnotes":""},"categories":[3],"tags":[],"class_list":{"0":"post-5537","1":"post","2":"type-post","3":"status-publish","4":"format-gallery","5":"has-post-thumbnail","6":"hentry","7":"category-actu","8":"post_format-post-format-gallery","9":"entry-post-skin-light","10":"entry","11":"clearfix","12":"entry-grid","13":"entry-columns-default","14":"entry-post-module-layout-standard","15":"thumbnail-color-tone-dark","16":"entry-post","18":"entry-post-grid"},"yoast_head":"<!-- This site is optimized with the Yoast SEO plugin v24.1 - https:\/\/yoast.com\/wordpress\/plugins\/seo\/ -->\n<title>Sortie en salle du film IBIZA ! Notre prestation en tatouage \u00e9ph\u00e9m\u00e8re... - Marty Tatoo<\/title>\n<meta name=\"robots\" content=\"noindex, follow, max-snippet:-1, max-image-preview:large, max-video-preview:-1\" \/>\n<meta property=\"og:locale\" content=\"fr_FR\" \/>\n<meta property=\"og:type\" content=\"article\" \/>\n<meta property=\"og:title\" content=\"Sortie en salle du film IBIZA ! Notre prestation en tatouage \u00e9ph\u00e9m\u00e8re... - Marty Tatoo\" \/>\n<meta property=\"og:description\" content=\"&nbsp; L&rsquo;EQUIPE MARTYTATOO FAIT SON CINEMA!&#8230; A l&rsquo;occasion de la sortie du film IBIZA, nous vous pr\u00e9sentons le travail que notre \u00e9quipe d&rsquo;artistes a effectu\u00e9 en tatouage \u00e9ph\u00e9m\u00e8re jagua sur le com\u00e9dien Alexis Corso&#8230; Folle ambiance \u00e0 l&rsquo;atelier!\" \/>\n<meta property=\"og:url\" content=\"https:\/\/pierre-delaunay.fr\/marty-tatoo\/actualite\/sortie-en-salle-du-film-ibiza-notre-prestation-en-tatouage-ephemere\/\" \/>\n<meta property=\"og:site_name\" content=\"Marty Tatoo\" \/>\n<meta property=\"article:publisher\" content=\"https:\/\/fr-fr.facebook.com\/AtelierMartyTatoo\/\" \/>\n<meta property=\"article:published_time\" content=\"2019-07-09T18:00:59+00:00\" \/>\n<meta property=\"article:modified_time\" content=\"2024-12-11T13:05:41+00:00\" \/>\n<meta property=\"og:image\" content=\"https:\/\/pierre-delaunay.fr\/marty-tatoo\/wp-content\/uploads\/1-affiche-film-ibiza-format-prez.jpg\" \/>\n\t<meta property=\"og:image:width\" content=\"1024\" \/>\n\t<meta property=\"og:image:height\" content=\"683\" \/>\n\t<meta property=\"og:image:type\" content=\"image\/jpeg\" \/>\n<meta name=\"author\" content=\"Corentine Buron\" \/>\n<meta name=\"twitter:card\" content=\"summary_large_image\" \/>\n<meta name=\"twitter:label1\" content=\"\u00c9crit par\" \/>\n\t<meta name=\"twitter:data1\" content=\"Corentine Buron\" \/>\n<script type=\"application\/ld+json\" class=\"yoast-schema-graph\">{\"@context\":\"https:\/\/schema.org\",\"@graph\":[{\"@type\":\"Article\",\"@id\":\"https:\/\/pierre-delaunay.fr\/marty-tatoo\/actualite\/sortie-en-salle-du-film-ibiza-notre-prestation-en-tatouage-ephemere\/#article\",\"isPartOf\":{\"@id\":\"https:\/\/pierre-delaunay.fr\/marty-tatoo\/actualite\/sortie-en-salle-du-film-ibiza-notre-prestation-en-tatouage-ephemere\/\"},\"author\":{\"name\":\"Corentine Buron\",\"@id\":\"https:\/\/pierre-delaunay.fr\/marty-tatoo\/#\/schema\/person\/455a3c360bd822545b683883f8e15bd1\"},\"headline\":\"Sortie en salle du film IBIZA ! Notre prestation en tatouage \u00e9ph\u00e9m\u00e8re&#8230;\",\"datePublished\":\"2019-07-09T18:00:59+00:00\",\"dateModified\":\"2024-12-11T13:05:41+00:00\",\"mainEntityOfPage\":{\"@id\":\"https:\/\/pierre-delaunay.fr\/marty-tatoo\/actualite\/sortie-en-salle-du-film-ibiza-notre-prestation-en-tatouage-ephemere\/\"},\"wordCount\":73,\"publisher\":{\"@id\":\"https:\/\/pierre-delaunay.fr\/marty-tatoo\/#organization\"},\"image\":{\"@id\":\"https:\/\/pierre-delaunay.fr\/marty-tatoo\/actualite\/sortie-en-salle-du-film-ibiza-notre-prestation-en-tatouage-ephemere\/#primaryimage\"},\"thumbnailUrl\":\"https:\/\/pierre-delaunay.fr\/marty-tatoo\/wp-content\/uploads\/1-affiche-film-ibiza-format-prez.jpg\",\"articleSection\":[\"Actualit\u00e9\"],\"inLanguage\":\"fr-FR\"},{\"@type\":\"WebPage\",\"@id\":\"https:\/\/pierre-delaunay.fr\/marty-tatoo\/actualite\/sortie-en-salle-du-film-ibiza-notre-prestation-en-tatouage-ephemere\/\",\"url\":\"https:\/\/pierre-delaunay.fr\/marty-tatoo\/actualite\/sortie-en-salle-du-film-ibiza-notre-prestation-en-tatouage-ephemere\/\",\"name\":\"Sortie en salle du film IBIZA ! Notre prestation en tatouage \u00e9ph\u00e9m\u00e8re... - Marty Tatoo\",\"isPartOf\":{\"@id\":\"https:\/\/pierre-delaunay.fr\/marty-tatoo\/#website\"},\"primaryImageOfPage\":{\"@id\":\"https:\/\/pierre-delaunay.fr\/marty-tatoo\/actualite\/sortie-en-salle-du-film-ibiza-notre-prestation-en-tatouage-ephemere\/#primaryimage\"},\"image\":{\"@id\":\"https:\/\/pierre-delaunay.fr\/marty-tatoo\/actualite\/sortie-en-salle-du-film-ibiza-notre-prestation-en-tatouage-ephemere\/#primaryimage\"},\"thumbnailUrl\":\"https:\/\/pierre-delaunay.fr\/marty-tatoo\/wp-content\/uploads\/1-affiche-film-ibiza-format-prez.jpg\",\"datePublished\":\"2019-07-09T18:00:59+00:00\",\"dateModified\":\"2024-12-11T13:05:41+00:00\",\"breadcrumb\":{\"@id\":\"https:\/\/pierre-delaunay.fr\/marty-tatoo\/actualite\/sortie-en-salle-du-film-ibiza-notre-prestation-en-tatouage-ephemere\/#breadcrumb\"},\"inLanguage\":\"fr-FR\",\"potentialAction\":[{\"@type\":\"ReadAction\",\"target\":[\"https:\/\/pierre-delaunay.fr\/marty-tatoo\/actualite\/sortie-en-salle-du-film-ibiza-notre-prestation-en-tatouage-ephemere\/\"]}]},{\"@type\":\"ImageObject\",\"inLanguage\":\"fr-FR\",\"@id\":\"https:\/\/pierre-delaunay.fr\/marty-tatoo\/actualite\/sortie-en-salle-du-film-ibiza-notre-prestation-en-tatouage-ephemere\/#primaryimage\",\"url\":\"https:\/\/pierre-delaunay.fr\/marty-tatoo\/wp-content\/uploads\/1-affiche-film-ibiza-format-prez.jpg\",\"contentUrl\":\"https:\/\/pierre-delaunay.fr\/marty-tatoo\/wp-content\/uploads\/1-affiche-film-ibiza-format-prez.jpg\",\"width\":1024,\"height\":683,\"caption\":\"prestation tatouage \u00e9ph\u00e9m\u00e8re jagua, prestation cin\u00e9ma\"},{\"@type\":\"BreadcrumbList\",\"@id\":\"https:\/\/pierre-delaunay.fr\/marty-tatoo\/actualite\/sortie-en-salle-du-film-ibiza-notre-prestation-en-tatouage-ephemere\/#breadcrumb\",\"itemListElement\":[{\"@type\":\"ListItem\",\"position\":1,\"name\":\"Accueil\",\"item\":\"https:\/\/pierre-delaunay.fr\/marty-tatoo\/\"},{\"@type\":\"ListItem\",\"position\":2,\"name\":\"Sortie en salle du film IBIZA ! Notre prestation en tatouage \u00e9ph\u00e9m\u00e8re&#8230;\"}]},{\"@type\":\"WebSite\",\"@id\":\"https:\/\/pierre-delaunay.fr\/marty-tatoo\/#website\",\"url\":\"https:\/\/pierre-delaunay.fr\/marty-tatoo\/\",\"name\":\"Marty Tatoo\",\"description\":\"PARIS\",\"publisher\":{\"@id\":\"https:\/\/pierre-delaunay.fr\/marty-tatoo\/#organization\"},\"potentialAction\":[{\"@type\":\"SearchAction\",\"target\":{\"@type\":\"EntryPoint\",\"urlTemplate\":\"https:\/\/pierre-delaunay.fr\/marty-tatoo\/?s={search_term_string}\"},\"query-input\":{\"@type\":\"PropertyValueSpecification\",\"valueRequired\":true,\"valueName\":\"search_term_string\"}}],\"inLanguage\":\"fr-FR\"},{\"@type\":\"Organization\",\"@id\":\"https:\/\/pierre-delaunay.fr\/marty-tatoo\/#organization\",\"name\":\"Marty Tatoo\",\"url\":\"https:\/\/pierre-delaunay.fr\/marty-tatoo\/\",\"logo\":{\"@type\":\"ImageObject\",\"inLanguage\":\"fr-FR\",\"@id\":\"https:\/\/pierre-delaunay.fr\/marty-tatoo\/#\/schema\/logo\/image\/\",\"url\":\"https:\/\/pierre-delaunay.fr\/marty-tatoo\/wp-content\/uploads\/logo-plien-png.png\",\"contentUrl\":\"https:\/\/pierre-delaunay.fr\/marty-tatoo\/wp-content\/uploads\/logo-plien-png.png\",\"width\":154,\"height\":150,\"caption\":\"Marty Tatoo\"},\"image\":{\"@id\":\"https:\/\/pierre-delaunay.fr\/marty-tatoo\/#\/schema\/logo\/image\/\"},\"sameAs\":[\"https:\/\/fr-fr.facebook.com\/AtelierMartyTatoo\/\",\"https:\/\/www.instagram.com\/martytatoo_officiel\/\"]},{\"@type\":\"Person\",\"@id\":\"https:\/\/pierre-delaunay.fr\/marty-tatoo\/#\/schema\/person\/455a3c360bd822545b683883f8e15bd1\",\"name\":\"Corentine Buron\",\"url\":\"https:\/\/pierre-delaunay.fr\/marty-tatoo\/actualite\/author\/corentine\/\"}]}<\/script>\n<!-- \/ Yoast SEO plugin. -->","yoast_head_json":{"title":"Sortie en salle du film IBIZA ! Notre prestation en tatouage \u00e9ph\u00e9m\u00e8re... - Marty Tatoo","robots":{"index":"noindex","follow":"follow","max-snippet":"max-snippet:-1","max-image-preview":"max-image-preview:large","max-video-preview":"max-video-preview:-1"},"og_locale":"fr_FR","og_type":"article","og_title":"Sortie en salle du film IBIZA ! Notre prestation en tatouage \u00e9ph\u00e9m\u00e8re... - Marty Tatoo","og_description":"&nbsp; L&rsquo;EQUIPE MARTYTATOO FAIT SON CINEMA!&#8230; A l&rsquo;occasion de la sortie du film IBIZA, nous vous pr\u00e9sentons le travail que notre \u00e9quipe d&rsquo;artistes a effectu\u00e9 en tatouage \u00e9ph\u00e9m\u00e8re jagua sur le com\u00e9dien Alexis Corso&#8230; Folle ambiance \u00e0 l&rsquo;atelier!","og_url":"https:\/\/pierre-delaunay.fr\/marty-tatoo\/actualite\/sortie-en-salle-du-film-ibiza-notre-prestation-en-tatouage-ephemere\/","og_site_name":"Marty Tatoo","article_publisher":"https:\/\/fr-fr.facebook.com\/AtelierMartyTatoo\/","article_published_time":"2019-07-09T18:00:59+00:00","article_modified_time":"2024-12-11T13:05:41+00:00","og_image":[{"width":1024,"height":683,"url":"https:\/\/pierre-delaunay.fr\/marty-tatoo\/wp-content\/uploads\/1-affiche-film-ibiza-format-prez.jpg","type":"image\/jpeg"}],"author":"Corentine Buron","twitter_card":"summary_large_image","twitter_misc":{"\u00c9crit par":"Corentine Buron"},"schema":{"@context":"https:\/\/schema.org","@graph":[{"@type":"Article","@id":"https:\/\/pierre-delaunay.fr\/marty-tatoo\/actualite\/sortie-en-salle-du-film-ibiza-notre-prestation-en-tatouage-ephemere\/#article","isPartOf":{"@id":"https:\/\/pierre-delaunay.fr\/marty-tatoo\/actualite\/sortie-en-salle-du-film-ibiza-notre-prestation-en-tatouage-ephemere\/"},"author":{"name":"Corentine Buron","@id":"https:\/\/pierre-delaunay.fr\/marty-tatoo\/#\/schema\/person\/455a3c360bd822545b683883f8e15bd1"},"headline":"Sortie en salle du film IBIZA ! Notre prestation en tatouage \u00e9ph\u00e9m\u00e8re&#8230;","datePublished":"2019-07-09T18:00:59+00:00","dateModified":"2024-12-11T13:05:41+00:00","mainEntityOfPage":{"@id":"https:\/\/pierre-delaunay.fr\/marty-tatoo\/actualite\/sortie-en-salle-du-film-ibiza-notre-prestation-en-tatouage-ephemere\/"},"wordCount":73,"publisher":{"@id":"https:\/\/pierre-delaunay.fr\/marty-tatoo\/#organization"},"image":{"@id":"https:\/\/pierre-delaunay.fr\/marty-tatoo\/actualite\/sortie-en-salle-du-film-ibiza-notre-prestation-en-tatouage-ephemere\/#primaryimage"},"thumbnailUrl":"https:\/\/pierre-delaunay.fr\/marty-tatoo\/wp-content\/uploads\/1-affiche-film-ibiza-format-prez.jpg","articleSection":["Actualit\u00e9"],"inLanguage":"fr-FR"},{"@type":"WebPage","@id":"https:\/\/pierre-delaunay.fr\/marty-tatoo\/actualite\/sortie-en-salle-du-film-ibiza-notre-prestation-en-tatouage-ephemere\/","url":"https:\/\/pierre-delaunay.fr\/marty-tatoo\/actualite\/sortie-en-salle-du-film-ibiza-notre-prestation-en-tatouage-ephemere\/","name":"Sortie en salle du film IBIZA ! Notre prestation en tatouage \u00e9ph\u00e9m\u00e8re... - Marty Tatoo","isPartOf":{"@id":"https:\/\/pierre-delaunay.fr\/marty-tatoo\/#website"},"primaryImageOfPage":{"@id":"https:\/\/pierre-delaunay.fr\/marty-tatoo\/actualite\/sortie-en-salle-du-film-ibiza-notre-prestation-en-tatouage-ephemere\/#primaryimage"},"image":{"@id":"https:\/\/pierre-delaunay.fr\/marty-tatoo\/actualite\/sortie-en-salle-du-film-ibiza-notre-prestation-en-tatouage-ephemere\/#primaryimage"},"thumbnailUrl":"https:\/\/pierre-delaunay.fr\/marty-tatoo\/wp-content\/uploads\/1-affiche-film-ibiza-format-prez.jpg","datePublished":"2019-07-09T18:00:59+00:00","dateModified":"2024-12-11T13:05:41+00:00","breadcrumb":{"@id":"https:\/\/pierre-delaunay.fr\/marty-tatoo\/actualite\/sortie-en-salle-du-film-ibiza-notre-prestation-en-tatouage-ephemere\/#breadcrumb"},"inLanguage":"fr-FR","potentialAction":[{"@type":"ReadAction","target":["https:\/\/pierre-delaunay.fr\/marty-tatoo\/actualite\/sortie-en-salle-du-film-ibiza-notre-prestation-en-tatouage-ephemere\/"]}]},{"@type":"ImageObject","inLanguage":"fr-FR","@id":"https:\/\/pierre-delaunay.fr\/marty-tatoo\/actualite\/sortie-en-salle-du-film-ibiza-notre-prestation-en-tatouage-ephemere\/#primaryimage","url":"https:\/\/pierre-delaunay.fr\/marty-tatoo\/wp-content\/uploads\/1-affiche-film-ibiza-format-prez.jpg","contentUrl":"https:\/\/pierre-delaunay.fr\/marty-tatoo\/wp-content\/uploads\/1-affiche-film-ibiza-format-prez.jpg","width":1024,"height":683,"caption":"prestation tatouage \u00e9ph\u00e9m\u00e8re jagua, prestation cin\u00e9ma"},{"@type":"BreadcrumbList","@id":"https:\/\/pierre-delaunay.fr\/marty-tatoo\/actualite\/sortie-en-salle-du-film-ibiza-notre-prestation-en-tatouage-ephemere\/#breadcrumb","itemListElement":[{"@type":"ListItem","position":1,"name":"Accueil","item":"https:\/\/pierre-delaunay.fr\/marty-tatoo\/"},{"@type":"ListItem","position":2,"name":"Sortie en salle du film IBIZA ! Notre prestation en tatouage \u00e9ph\u00e9m\u00e8re&#8230;"}]},{"@type":"WebSite","@id":"https:\/\/pierre-delaunay.fr\/marty-tatoo\/#website","url":"https:\/\/pierre-delaunay.fr\/marty-tatoo\/","name":"Marty Tatoo","description":"PARIS","publisher":{"@id":"https:\/\/pierre-delaunay.fr\/marty-tatoo\/#organization"},"potentialAction":[{"@type":"SearchAction","target":{"@type":"EntryPoint","urlTemplate":"https:\/\/pierre-delaunay.fr\/marty-tatoo\/?s={search_term_string}"},"query-input":{"@type":"PropertyValueSpecification","valueRequired":true,"valueName":"search_term_string"}}],"inLanguage":"fr-FR"},{"@type":"Organization","@id":"https:\/\/pierre-delaunay.fr\/marty-tatoo\/#organization","name":"Marty Tatoo","url":"https:\/\/pierre-delaunay.fr\/marty-tatoo\/","logo":{"@type":"ImageObject","inLanguage":"fr-FR","@id":"https:\/\/pierre-delaunay.fr\/marty-tatoo\/#\/schema\/logo\/image\/","url":"https:\/\/pierre-delaunay.fr\/marty-tatoo\/wp-content\/uploads\/logo-plien-png.png","contentUrl":"https:\/\/pierre-delaunay.fr\/marty-tatoo\/wp-content\/uploads\/logo-plien-png.png","width":154,"height":150,"caption":"Marty Tatoo"},"image":{"@id":"https:\/\/pierre-delaunay.fr\/marty-tatoo\/#\/schema\/logo\/image\/"},"sameAs":["https:\/\/fr-fr.facebook.com\/AtelierMartyTatoo\/","https:\/\/www.instagram.com\/martytatoo_officiel\/"]},{"@type":"Person","@id":"https:\/\/pierre-delaunay.fr\/marty-tatoo\/#\/schema\/person\/455a3c360bd822545b683883f8e15bd1","name":"Corentine Buron","url":"https:\/\/pierre-delaunay.fr\/marty-tatoo\/actualite\/author\/corentine\/"}]}},"_links":{"self":[{"href":"https:\/\/pierre-delaunay.fr\/marty-tatoo\/wp-json\/wp\/v2\/posts\/5537","targetHints":{"allow":["GET"]}}],"collection":[{"href":"https:\/\/pierre-delaunay.fr\/marty-tatoo\/wp-json\/wp\/v2\/posts"}],"about":[{"href":"https:\/\/pierre-delaunay.fr\/marty-tatoo\/wp-json\/wp\/v2\/types\/post"}],"author":[{"embeddable":true,"href":"https:\/\/pierre-delaunay.fr\/marty-tatoo\/wp-json\/wp\/v2\/users\/3"}],"replies":[{"embeddable":true,"href":"https:\/\/pierre-delaunay.fr\/marty-tatoo\/wp-json\/wp\/v2\/comments?post=5537"}],"version-history":[{"count":5,"href":"https:\/\/pierre-delaunay.fr\/marty-tatoo\/wp-json\/wp\/v2\/posts\/5537\/revisions"}],"predecessor-version":[{"id":23948,"href":"https:\/\/pierre-delaunay.fr\/marty-tatoo\/wp-json\/wp\/v2\/posts\/5537\/revisions\/23948"}],"wp:featuredmedia":[{"embeddable":true,"href":"https:\/\/pierre-delaunay.fr\/marty-tatoo\/wp-json\/wp\/v2\/media\/5542"}],"wp:attachment":[{"href":"https:\/\/pierre-delaunay.fr\/marty-tatoo\/wp-json\/wp\/v2\/media?parent=5537"}],"wp:term":[{"taxonomy":"category","embeddable":true,"href":"https:\/\/pierre-delaunay.fr\/marty-tatoo\/wp-json\/wp\/v2\/categories?post=5537"},{"taxonomy":"post_tag","embeddable":true,"href":"https:\/\/pierre-delaunay.fr\/marty-tatoo\/wp-json\/wp\/v2\/tags?post=5537"}],"curies":[{"name":"wp","href":"https:\/\/api.w.org\/{rel}","templated":true}]}}