{"id":25085,"date":"2019-01-29T17:45:58","date_gmt":"2019-01-29T16:45:58","guid":{"rendered":"https:\/\/pierre-delaunay.fr\/marty-tatoo\/actualite\/aesthetic-tattoo\/"},"modified":"2019-01-29T17:45:58","modified_gmt":"2019-01-29T16:45:58","slug":"aesthetic-tattoo","status":"publish","type":"post","link":"https:\/\/pierre-delaunay.fr\/marty-tatoo\/actualite\/aesthetic-tattoo\/?lang=en","title":{"rendered":"Aesthetic tattoo"},"content":{"rendered":"<style type='text\/css'> #gallery-452 .block { float: left; width: 99.99%;padding-bottom:10px!important;}<\/style><div class='wolf-images-gallery clearfix simple-gallery hover-to-greyscale padding' id='gallery-452'><div class='block'><a title='tatouage semi permanent, taouage esth\u00e9tique, taches de rousseur' href='https:\/\/pierre-delaunay.fr\/marty-tatoo\/wp-content\/uploads\/maquette-article-tache-de-rousseur-1.jpg' class='lightbox image-item' rel='gallery-452'><img src='https:\/\/pierre-delaunay.fr\/marty-tatoo\/wp-content\/uploads\/maquette-article-tache-de-rousseur-1.jpg' alt='maquette-article-tache-de-rousseur'><\/a><\/div><\/div>\n<p>&nbsp;<\/p>\n<p class=\"p1\"><span class=\"s1\"><span class=\"s2\">Excerpts from the <a href=\"https:\/\/www.lexpress.fr\/styles\/beaute\/taches-de-rousseur-de-signe-malefique-a-tendance-beaute_2053913.html\">article <\/a><span class=\"s3\">published on January 5, 2019<\/span>, in L&rsquo;EXPRESS STYLES magazine.<\/span><span class=\"s3\"> <\/span><\/span><\/p>\n<p class=\"p1\" style=\"text-align: justify;\"><span class=\"s1\"><b>To mark one&rsquo;s singularity. <\/b><\/span><span class=\"s1\">Once a source of complexes, freckles are now a seductive and attractive sign of uniqueness that women proudly display. &lsquo;When I was a teenager, I covered them with a lot of foundation. The fashion at the time was to have a completely uniform complexion,&rsquo; recalls Rebecca, 27, whose face is dotted with freckles. &lsquo;I wanted to look like everyone else and have a flawless complexion. Today, I love that they show, I&rsquo;m proud of them.   <\/span><\/p>\n<p class=\"p1\" style=\"text-align: justify;\"><span class=\"s1\"><b>A symbol of youth. <\/b><\/span><span class=\"s1\">Freckles, scientifically known as ephelides, are small pigmented macules that appear in childhood as a result of sun exposure, particularly in fair-skinned individuals. Ranging from one to five millimeters in size, and with hues from light brown to ochre, they are most commonly found on sun-exposed areas such as the face, back of the hands, and d\u00e9collet\u00e9.  <\/span><\/p>\n<p class=\"p1\" style=\"text-align: justify;\"><span class=\"s1\"><b>A growing demand. <\/b><\/span><span class=\"s1\">Marty, from the <b>MARTYTATOO<\/b> studio in Paris, has been creating fake freckles for her clients for several years. Recently, she tattooed the YouTuber Marion Seclin, also known as <a href=\"https:\/\/www.instagram.com\/ellemady\/?hl=fr\">ellemady<\/a>. &lsquo;We&rsquo;ve had a high demand for this for about three years,&rsquo; says the tattoo artist, who believes this style is particularly suitable for those with &lsquo;pretty cheekbones or already a few freckles.   <\/span><\/p>\n<p class=\"p2\"><span class=\"s1\"> <\/span><\/p>\n<p>&nbsp;<\/p>\n","protected":false},"excerpt":{"rendered":"<p>&nbsp; Excerpts from the article published on January 5, 2019, in L&rsquo;EXPRESS STYLES magazine. To mark one&rsquo;s singularity. Once a source of complexes, freckles are now a seductive and attractive sign of uniqueness that women proudly display. &lsquo;When I was a teenager, I covered them with a lot of foundation. The fashion at the time&#8230;<\/p>\n<p><a rel=\"bookmark\" class=\"tattoopress-button-text wvc-button wvc-button-size-sm\" href=\"https:\/\/pierre-delaunay.fr\/marty-tatoo\/actualite\/aesthetic-tattoo\/?lang=en\"><small class=\"wvc-button-background-fill\"><\/small><span>continue reading<\/span><\/a><\/p>\n","protected":false},"author":3,"featured_media":24636,"comment_status":"closed","ping_status":"open","sticky":false,"template":"","format":"image","meta":{"footnotes":""},"categories":[44],"tags":[],"class_list":{"0":"post-25085","1":"post","2":"type-post","3":"status-publish","4":"format-image","5":"has-post-thumbnail","6":"hentry","7":"category-news","8":"post_format-post-format-image","9":"entry-post-skin-light","10":"entry","11":"clearfix","12":"entry-grid","13":"entry-columns-default","14":"entry-post-module-layout-standard","15":"thumbnail-color-tone-dark","16":"metro-landscape","17":"entry-post","19":"entry-post-grid"},"yoast_head":"<!-- This site is optimized with the Yoast SEO plugin v24.1 - https:\/\/yoast.com\/wordpress\/plugins\/seo\/ -->\n<title>Aesthetic tattoo - Marty Tatoo<\/title>\n<meta name=\"robots\" content=\"noindex, follow, max-snippet:-1, max-image-preview:large, max-video-preview:-1\" \/>\n<meta property=\"og:locale\" content=\"fr_FR\" \/>\n<meta property=\"og:type\" content=\"article\" \/>\n<meta property=\"og:title\" content=\"Aesthetic tattoo - Marty Tatoo\" \/>\n<meta property=\"og:description\" content=\"&nbsp; Excerpts from the article published on January 5, 2019, in L&rsquo;EXPRESS STYLES magazine. To mark one&rsquo;s singularity. Once a source of complexes, freckles are now a seductive and attractive sign of uniqueness that women proudly display. &lsquo;When I was a teenager, I covered them with a lot of foundation. The fashion at the time...continue reading\" \/>\n<meta property=\"og:url\" content=\"https:\/\/pierre-delaunay.fr\/marty-tatoo\/actualite\/aesthetic-tattoo\/?lang=en\" \/>\n<meta property=\"og:site_name\" content=\"Marty Tatoo\" \/>\n<meta property=\"article:publisher\" content=\"https:\/\/fr-fr.facebook.com\/AtelierMartyTatoo\/\" \/>\n<meta property=\"article:published_time\" content=\"2019-01-29T16:45:58+00:00\" \/>\n<meta property=\"og:image\" content=\"https:\/\/pierre-delaunay.fr\/marty-tatoo\/wp-content\/uploads\/maquette-article-tache-de-rousseur-1.jpg\" \/>\n\t<meta property=\"og:image:width\" content=\"977\" \/>\n\t<meta property=\"og:image:height\" content=\"527\" \/>\n\t<meta property=\"og:image:type\" content=\"image\/jpeg\" \/>\n<meta name=\"author\" content=\"Corentine Buron\" \/>\n<meta name=\"twitter:card\" content=\"summary_large_image\" \/>\n<meta name=\"twitter:label1\" content=\"\u00c9crit par\" \/>\n\t<meta name=\"twitter:data1\" content=\"Corentine Buron\" \/>\n\t<meta name=\"twitter:label2\" content=\"Dur\u00e9e de lecture estim\u00e9e\" \/>\n\t<meta name=\"twitter:data2\" content=\"1 minute\" \/>\n<script type=\"application\/ld+json\" class=\"yoast-schema-graph\">{\"@context\":\"https:\/\/schema.org\",\"@graph\":[{\"@type\":\"Article\",\"@id\":\"https:\/\/pierre-delaunay.fr\/marty-tatoo\/actualite\/aesthetic-tattoo\/?lang=en#article\",\"isPartOf\":{\"@id\":\"https:\/\/pierre-delaunay.fr\/marty-tatoo\/actualite\/aesthetic-tattoo\/?lang=en\"},\"author\":{\"name\":\"Corentine Buron\",\"@id\":\"https:\/\/pierre-delaunay.fr\/marty-tatoo\/#\/schema\/person\/455a3c360bd822545b683883f8e15bd1\"},\"headline\":\"Aesthetic tattoo\",\"datePublished\":\"2019-01-29T16:45:58+00:00\",\"dateModified\":\"2019-01-29T16:45:58+00:00\",\"mainEntityOfPage\":{\"@id\":\"https:\/\/pierre-delaunay.fr\/marty-tatoo\/actualite\/aesthetic-tattoo\/?lang=en\"},\"wordCount\":237,\"publisher\":{\"@id\":\"https:\/\/pierre-delaunay.fr\/marty-tatoo\/#organization\"},\"image\":{\"@id\":\"https:\/\/pierre-delaunay.fr\/marty-tatoo\/actualite\/aesthetic-tattoo\/?lang=en#primaryimage\"},\"thumbnailUrl\":\"https:\/\/pierre-delaunay.fr\/marty-tatoo\/wp-content\/uploads\/maquette-article-tache-de-rousseur-1.jpg\",\"articleSection\":[\"News\"],\"inLanguage\":\"fr-FR\"},{\"@type\":\"WebPage\",\"@id\":\"https:\/\/pierre-delaunay.fr\/marty-tatoo\/actualite\/aesthetic-tattoo\/?lang=en\",\"url\":\"https:\/\/pierre-delaunay.fr\/marty-tatoo\/actualite\/aesthetic-tattoo\/?lang=en\",\"name\":\"Aesthetic tattoo - Marty Tatoo\",\"isPartOf\":{\"@id\":\"https:\/\/pierre-delaunay.fr\/marty-tatoo\/#website\"},\"primaryImageOfPage\":{\"@id\":\"https:\/\/pierre-delaunay.fr\/marty-tatoo\/actualite\/aesthetic-tattoo\/?lang=en#primaryimage\"},\"image\":{\"@id\":\"https:\/\/pierre-delaunay.fr\/marty-tatoo\/actualite\/aesthetic-tattoo\/?lang=en#primaryimage\"},\"thumbnailUrl\":\"https:\/\/pierre-delaunay.fr\/marty-tatoo\/wp-content\/uploads\/maquette-article-tache-de-rousseur-1.jpg\",\"datePublished\":\"2019-01-29T16:45:58+00:00\",\"dateModified\":\"2019-01-29T16:45:58+00:00\",\"breadcrumb\":{\"@id\":\"https:\/\/pierre-delaunay.fr\/marty-tatoo\/actualite\/aesthetic-tattoo\/?lang=en#breadcrumb\"},\"inLanguage\":\"fr-FR\",\"potentialAction\":[{\"@type\":\"ReadAction\",\"target\":[\"https:\/\/pierre-delaunay.fr\/marty-tatoo\/actualite\/aesthetic-tattoo\/?lang=en\"]}]},{\"@type\":\"ImageObject\",\"inLanguage\":\"fr-FR\",\"@id\":\"https:\/\/pierre-delaunay.fr\/marty-tatoo\/actualite\/aesthetic-tattoo\/?lang=en#primaryimage\",\"url\":\"https:\/\/pierre-delaunay.fr\/marty-tatoo\/wp-content\/uploads\/maquette-article-tache-de-rousseur-1.jpg\",\"contentUrl\":\"https:\/\/pierre-delaunay.fr\/marty-tatoo\/wp-content\/uploads\/maquette-article-tache-de-rousseur-1.jpg\",\"width\":977,\"height\":527,\"caption\":\"tatouage semi permanent, taouage esth\u00e9tique, taches de rousseur\"},{\"@type\":\"BreadcrumbList\",\"@id\":\"https:\/\/pierre-delaunay.fr\/marty-tatoo\/actualite\/aesthetic-tattoo\/?lang=en#breadcrumb\",\"itemListElement\":[{\"@type\":\"ListItem\",\"position\":1,\"name\":\"Accueil\",\"item\":\"https:\/\/pierre-delaunay.fr\/marty-tatoo\/\"},{\"@type\":\"ListItem\",\"position\":2,\"name\":\"Aesthetic tattoo\"}]},{\"@type\":\"WebSite\",\"@id\":\"https:\/\/pierre-delaunay.fr\/marty-tatoo\/#website\",\"url\":\"https:\/\/pierre-delaunay.fr\/marty-tatoo\/\",\"name\":\"Marty Tatoo\",\"description\":\"PARIS\",\"publisher\":{\"@id\":\"https:\/\/pierre-delaunay.fr\/marty-tatoo\/#organization\"},\"potentialAction\":[{\"@type\":\"SearchAction\",\"target\":{\"@type\":\"EntryPoint\",\"urlTemplate\":\"https:\/\/pierre-delaunay.fr\/marty-tatoo\/?s={search_term_string}\"},\"query-input\":{\"@type\":\"PropertyValueSpecification\",\"valueRequired\":true,\"valueName\":\"search_term_string\"}}],\"inLanguage\":\"fr-FR\"},{\"@type\":\"Organization\",\"@id\":\"https:\/\/pierre-delaunay.fr\/marty-tatoo\/#organization\",\"name\":\"Marty Tatoo\",\"url\":\"https:\/\/pierre-delaunay.fr\/marty-tatoo\/\",\"logo\":{\"@type\":\"ImageObject\",\"inLanguage\":\"fr-FR\",\"@id\":\"https:\/\/pierre-delaunay.fr\/marty-tatoo\/#\/schema\/logo\/image\/\",\"url\":\"https:\/\/pierre-delaunay.fr\/marty-tatoo\/wp-content\/uploads\/logo-plien-png.png\",\"contentUrl\":\"https:\/\/pierre-delaunay.fr\/marty-tatoo\/wp-content\/uploads\/logo-plien-png.png\",\"width\":154,\"height\":150,\"caption\":\"Marty Tatoo\"},\"image\":{\"@id\":\"https:\/\/pierre-delaunay.fr\/marty-tatoo\/#\/schema\/logo\/image\/\"},\"sameAs\":[\"https:\/\/fr-fr.facebook.com\/AtelierMartyTatoo\/\",\"https:\/\/www.instagram.com\/martytatoo_officiel\/\"]},{\"@type\":\"Person\",\"@id\":\"https:\/\/pierre-delaunay.fr\/marty-tatoo\/#\/schema\/person\/455a3c360bd822545b683883f8e15bd1\",\"name\":\"Corentine Buron\",\"url\":\"https:\/\/pierre-delaunay.fr\/marty-tatoo\/actualite\/author\/corentine\/\"}]}<\/script>\n<!-- \/ Yoast SEO plugin. -->","yoast_head_json":{"title":"Aesthetic tattoo - Marty Tatoo","robots":{"index":"noindex","follow":"follow","max-snippet":"max-snippet:-1","max-image-preview":"max-image-preview:large","max-video-preview":"max-video-preview:-1"},"og_locale":"fr_FR","og_type":"article","og_title":"Aesthetic tattoo - Marty Tatoo","og_description":"&nbsp; Excerpts from the article published on January 5, 2019, in L&rsquo;EXPRESS STYLES magazine. To mark one&rsquo;s singularity. Once a source of complexes, freckles are now a seductive and attractive sign of uniqueness that women proudly display. &lsquo;When I was a teenager, I covered them with a lot of foundation. The fashion at the time...continue reading","og_url":"https:\/\/pierre-delaunay.fr\/marty-tatoo\/actualite\/aesthetic-tattoo\/?lang=en","og_site_name":"Marty Tatoo","article_publisher":"https:\/\/fr-fr.facebook.com\/AtelierMartyTatoo\/","article_published_time":"2019-01-29T16:45:58+00:00","og_image":[{"width":977,"height":527,"url":"https:\/\/pierre-delaunay.fr\/marty-tatoo\/wp-content\/uploads\/maquette-article-tache-de-rousseur-1.jpg","type":"image\/jpeg"}],"author":"Corentine Buron","twitter_card":"summary_large_image","twitter_misc":{"\u00c9crit par":"Corentine Buron","Dur\u00e9e de lecture estim\u00e9e":"1 minute"},"schema":{"@context":"https:\/\/schema.org","@graph":[{"@type":"Article","@id":"https:\/\/pierre-delaunay.fr\/marty-tatoo\/actualite\/aesthetic-tattoo\/?lang=en#article","isPartOf":{"@id":"https:\/\/pierre-delaunay.fr\/marty-tatoo\/actualite\/aesthetic-tattoo\/?lang=en"},"author":{"name":"Corentine Buron","@id":"https:\/\/pierre-delaunay.fr\/marty-tatoo\/#\/schema\/person\/455a3c360bd822545b683883f8e15bd1"},"headline":"Aesthetic tattoo","datePublished":"2019-01-29T16:45:58+00:00","dateModified":"2019-01-29T16:45:58+00:00","mainEntityOfPage":{"@id":"https:\/\/pierre-delaunay.fr\/marty-tatoo\/actualite\/aesthetic-tattoo\/?lang=en"},"wordCount":237,"publisher":{"@id":"https:\/\/pierre-delaunay.fr\/marty-tatoo\/#organization"},"image":{"@id":"https:\/\/pierre-delaunay.fr\/marty-tatoo\/actualite\/aesthetic-tattoo\/?lang=en#primaryimage"},"thumbnailUrl":"https:\/\/pierre-delaunay.fr\/marty-tatoo\/wp-content\/uploads\/maquette-article-tache-de-rousseur-1.jpg","articleSection":["News"],"inLanguage":"fr-FR"},{"@type":"WebPage","@id":"https:\/\/pierre-delaunay.fr\/marty-tatoo\/actualite\/aesthetic-tattoo\/?lang=en","url":"https:\/\/pierre-delaunay.fr\/marty-tatoo\/actualite\/aesthetic-tattoo\/?lang=en","name":"Aesthetic tattoo - Marty Tatoo","isPartOf":{"@id":"https:\/\/pierre-delaunay.fr\/marty-tatoo\/#website"},"primaryImageOfPage":{"@id":"https:\/\/pierre-delaunay.fr\/marty-tatoo\/actualite\/aesthetic-tattoo\/?lang=en#primaryimage"},"image":{"@id":"https:\/\/pierre-delaunay.fr\/marty-tatoo\/actualite\/aesthetic-tattoo\/?lang=en#primaryimage"},"thumbnailUrl":"https:\/\/pierre-delaunay.fr\/marty-tatoo\/wp-content\/uploads\/maquette-article-tache-de-rousseur-1.jpg","datePublished":"2019-01-29T16:45:58+00:00","dateModified":"2019-01-29T16:45:58+00:00","breadcrumb":{"@id":"https:\/\/pierre-delaunay.fr\/marty-tatoo\/actualite\/aesthetic-tattoo\/?lang=en#breadcrumb"},"inLanguage":"fr-FR","potentialAction":[{"@type":"ReadAction","target":["https:\/\/pierre-delaunay.fr\/marty-tatoo\/actualite\/aesthetic-tattoo\/?lang=en"]}]},{"@type":"ImageObject","inLanguage":"fr-FR","@id":"https:\/\/pierre-delaunay.fr\/marty-tatoo\/actualite\/aesthetic-tattoo\/?lang=en#primaryimage","url":"https:\/\/pierre-delaunay.fr\/marty-tatoo\/wp-content\/uploads\/maquette-article-tache-de-rousseur-1.jpg","contentUrl":"https:\/\/pierre-delaunay.fr\/marty-tatoo\/wp-content\/uploads\/maquette-article-tache-de-rousseur-1.jpg","width":977,"height":527,"caption":"tatouage semi permanent, taouage esth\u00e9tique, taches de rousseur"},{"@type":"BreadcrumbList","@id":"https:\/\/pierre-delaunay.fr\/marty-tatoo\/actualite\/aesthetic-tattoo\/?lang=en#breadcrumb","itemListElement":[{"@type":"ListItem","position":1,"name":"Accueil","item":"https:\/\/pierre-delaunay.fr\/marty-tatoo\/"},{"@type":"ListItem","position":2,"name":"Aesthetic tattoo"}]},{"@type":"WebSite","@id":"https:\/\/pierre-delaunay.fr\/marty-tatoo\/#website","url":"https:\/\/pierre-delaunay.fr\/marty-tatoo\/","name":"Marty Tatoo","description":"PARIS","publisher":{"@id":"https:\/\/pierre-delaunay.fr\/marty-tatoo\/#organization"},"potentialAction":[{"@type":"SearchAction","target":{"@type":"EntryPoint","urlTemplate":"https:\/\/pierre-delaunay.fr\/marty-tatoo\/?s={search_term_string}"},"query-input":{"@type":"PropertyValueSpecification","valueRequired":true,"valueName":"search_term_string"}}],"inLanguage":"fr-FR"},{"@type":"Organization","@id":"https:\/\/pierre-delaunay.fr\/marty-tatoo\/#organization","name":"Marty Tatoo","url":"https:\/\/pierre-delaunay.fr\/marty-tatoo\/","logo":{"@type":"ImageObject","inLanguage":"fr-FR","@id":"https:\/\/pierre-delaunay.fr\/marty-tatoo\/#\/schema\/logo\/image\/","url":"https:\/\/pierre-delaunay.fr\/marty-tatoo\/wp-content\/uploads\/logo-plien-png.png","contentUrl":"https:\/\/pierre-delaunay.fr\/marty-tatoo\/wp-content\/uploads\/logo-plien-png.png","width":154,"height":150,"caption":"Marty Tatoo"},"image":{"@id":"https:\/\/pierre-delaunay.fr\/marty-tatoo\/#\/schema\/logo\/image\/"},"sameAs":["https:\/\/fr-fr.facebook.com\/AtelierMartyTatoo\/","https:\/\/www.instagram.com\/martytatoo_officiel\/"]},{"@type":"Person","@id":"https:\/\/pierre-delaunay.fr\/marty-tatoo\/#\/schema\/person\/455a3c360bd822545b683883f8e15bd1","name":"Corentine Buron","url":"https:\/\/pierre-delaunay.fr\/marty-tatoo\/actualite\/author\/corentine\/"}]}},"_links":{"self":[{"href":"https:\/\/pierre-delaunay.fr\/marty-tatoo\/wp-json\/wp\/v2\/posts\/25085","targetHints":{"allow":["GET"]}}],"collection":[{"href":"https:\/\/pierre-delaunay.fr\/marty-tatoo\/wp-json\/wp\/v2\/posts"}],"about":[{"href":"https:\/\/pierre-delaunay.fr\/marty-tatoo\/wp-json\/wp\/v2\/types\/post"}],"author":[{"embeddable":true,"href":"https:\/\/pierre-delaunay.fr\/marty-tatoo\/wp-json\/wp\/v2\/users\/3"}],"replies":[{"embeddable":true,"href":"https:\/\/pierre-delaunay.fr\/marty-tatoo\/wp-json\/wp\/v2\/comments?post=25085"}],"version-history":[{"count":0,"href":"https:\/\/pierre-delaunay.fr\/marty-tatoo\/wp-json\/wp\/v2\/posts\/25085\/revisions"}],"wp:featuredmedia":[{"embeddable":true,"href":"https:\/\/pierre-delaunay.fr\/marty-tatoo\/wp-json\/wp\/v2\/media\/24636"}],"wp:attachment":[{"href":"https:\/\/pierre-delaunay.fr\/marty-tatoo\/wp-json\/wp\/v2\/media?parent=25085"}],"wp:term":[{"taxonomy":"category","embeddable":true,"href":"https:\/\/pierre-delaunay.fr\/marty-tatoo\/wp-json\/wp\/v2\/categories?post=25085"},{"taxonomy":"post_tag","embeddable":true,"href":"https:\/\/pierre-delaunay.fr\/marty-tatoo\/wp-json\/wp\/v2\/tags?post=25085"}],"curies":[{"name":"wp","href":"https:\/\/api.w.org\/{rel}","templated":true}]}}