{"id":25079,"date":"2019-07-22T16:15:00","date_gmt":"2019-07-22T14:15:00","guid":{"rendered":"https:\/\/pierre-delaunay.fr\/marty-tatoo\/actualite\/sea-sun-a-must-have-bijou-tattoo-this-summer-with-salome\/"},"modified":"2025-01-19T15:48:49","modified_gmt":"2025-01-19T14:48:49","slug":"sea-sun-a-must-have-bijou-tattoo-this-summer-with-salome","status":"publish","type":"post","link":"https:\/\/pierre-delaunay.fr\/marty-tatoo\/actualite\/sea-sun-a-must-have-bijou-tattoo-this-summer-with-salome\/?lang=en","title":{"rendered":"Sea, sun &amp; a must-have BIJOU tattoo&#8230; this summer with Salom\u00e9!"},"content":{"rendered":"<h3 style=\"text-align: center;\">Find Salom\u00e9 on the beaches this summer!<\/h3>\n<p>Trained in temporary tattooing in 2015 at\u00a0MARTYTATOO, Salom\u00e9 is part of our events team. With talent, she will create beautiful\u00a0jewel-like tattoos\u00a0to brighten your summer! You can find her this summer on the most upscale private beaches of the French Riviera: Nikki Beach, Bagatelle, Loulou, Verde, Les Palmiers,\u2026 and this winter between Los Angeles and Paris!\u2026 Discover her freehand tattoos (no stencils or transfers) on her Instagram @salometattoo.<\/p>\n<p>Discover her freehand tattoos (no stencils or transfers) on her Instagram @salometattoo.<\/p>\n<figure id=\"attachment_24711\" aria-describedby=\"caption-attachment-24711\" style=\"width: 750px\" class=\"wp-caption alignnone\"><a href=\"https:\/\/pierre-delaunay.fr\/marty-tatoo\/wp-content\/uploads\/visuel-salome1.jpg\"><img loading=\"lazy\" decoding=\"async\" class=\"size-full wp-image-24711\" src=\"https:\/\/pierre-delaunay.fr\/marty-tatoo\/wp-content\/uploads\/visuel-salome1.jpg\" alt=\"\" width=\"750\" height=\"1000\" srcset=\"https:\/\/pierre-delaunay.fr\/marty-tatoo\/wp-content\/uploads\/visuel-salome1.jpg 750w, https:\/\/pierre-delaunay.fr\/marty-tatoo\/wp-content\/uploads\/visuel-salome1-600x800.jpg 600w, https:\/\/pierre-delaunay.fr\/marty-tatoo\/wp-content\/uploads\/visuel-salome1-225x300.jpg 225w, https:\/\/pierre-delaunay.fr\/marty-tatoo\/wp-content\/uploads\/visuel-salome1-278x370.jpg 278w\" sizes=\"auto, (max-width: 750px) 100vw, 750px\" \/><\/a><figcaption id=\"caption-attachment-24711\" class=\"wp-caption-text\">Tatouage Bijou, tatouage \u00e9ph\u00e9m\u00e8re, tatouage paillette<\/figcaption><\/figure>\n<figure id=\"attachment_24712\" aria-describedby=\"caption-attachment-24712\" style=\"width: 750px\" class=\"wp-caption alignnone\"><a href=\"https:\/\/pierre-delaunay.fr\/marty-tatoo\/wp-content\/uploads\/visuel-salome2.jpg\"><img loading=\"lazy\" decoding=\"async\" class=\"size-full wp-image-24712\" src=\"https:\/\/pierre-delaunay.fr\/marty-tatoo\/wp-content\/uploads\/visuel-salome2.jpg\" alt=\"\" width=\"750\" height=\"1000\" srcset=\"https:\/\/pierre-delaunay.fr\/marty-tatoo\/wp-content\/uploads\/visuel-salome2.jpg 750w, https:\/\/pierre-delaunay.fr\/marty-tatoo\/wp-content\/uploads\/visuel-salome2-600x800.jpg 600w, https:\/\/pierre-delaunay.fr\/marty-tatoo\/wp-content\/uploads\/visuel-salome2-225x300.jpg 225w, https:\/\/pierre-delaunay.fr\/marty-tatoo\/wp-content\/uploads\/visuel-salome2-278x370.jpg 278w\" sizes=\"auto, (max-width: 750px) 100vw, 750px\" \/><\/a><figcaption id=\"caption-attachment-24712\" class=\"wp-caption-text\">Tatouage Bijou, tatouage \u00e9ph\u00e9m\u00e8re, tatouage paillette<\/figcaption><\/figure>\n<figure id=\"attachment_24713\" aria-describedby=\"caption-attachment-24713\" style=\"width: 750px\" class=\"wp-caption alignnone\"><a href=\"https:\/\/pierre-delaunay.fr\/marty-tatoo\/wp-content\/uploads\/visuel-salome3.jpg\"><img loading=\"lazy\" decoding=\"async\" class=\"size-full wp-image-24713\" src=\"https:\/\/pierre-delaunay.fr\/marty-tatoo\/wp-content\/uploads\/visuel-salome3.jpg\" alt=\"\" width=\"750\" height=\"1000\" srcset=\"https:\/\/pierre-delaunay.fr\/marty-tatoo\/wp-content\/uploads\/visuel-salome3.jpg 750w, https:\/\/pierre-delaunay.fr\/marty-tatoo\/wp-content\/uploads\/visuel-salome3-600x800.jpg 600w, https:\/\/pierre-delaunay.fr\/marty-tatoo\/wp-content\/uploads\/visuel-salome3-225x300.jpg 225w, https:\/\/pierre-delaunay.fr\/marty-tatoo\/wp-content\/uploads\/visuel-salome3-278x370.jpg 278w\" sizes=\"auto, (max-width: 750px) 100vw, 750px\" \/><\/a><figcaption id=\"caption-attachment-24713\" class=\"wp-caption-text\">Tatouage Bijou, tatouage \u00e9ph\u00e9m\u00e8re, tatouage paillette<\/figcaption><\/figure>\n<figure id=\"attachment_24714\" aria-describedby=\"caption-attachment-24714\" style=\"width: 750px\" class=\"wp-caption alignnone\"><a href=\"https:\/\/pierre-delaunay.fr\/marty-tatoo\/wp-content\/uploads\/visuel-salome4.jpg\"><img loading=\"lazy\" decoding=\"async\" class=\"size-full wp-image-24714\" src=\"https:\/\/pierre-delaunay.fr\/marty-tatoo\/wp-content\/uploads\/visuel-salome4.jpg\" alt=\"\" width=\"750\" height=\"1000\" srcset=\"https:\/\/pierre-delaunay.fr\/marty-tatoo\/wp-content\/uploads\/visuel-salome4.jpg 750w, https:\/\/pierre-delaunay.fr\/marty-tatoo\/wp-content\/uploads\/visuel-salome4-600x800.jpg 600w, https:\/\/pierre-delaunay.fr\/marty-tatoo\/wp-content\/uploads\/visuel-salome4-225x300.jpg 225w, https:\/\/pierre-delaunay.fr\/marty-tatoo\/wp-content\/uploads\/visuel-salome4-278x370.jpg 278w\" sizes=\"auto, (max-width: 750px) 100vw, 750px\" \/><\/a><figcaption id=\"caption-attachment-24714\" class=\"wp-caption-text\">Tatouage Bijou, tatouage \u00e9ph\u00e9m\u00e8re, tatouage paillette<\/figcaption><\/figure>\n<figure id=\"attachment_24716\" aria-describedby=\"caption-attachment-24716\" style=\"width: 750px\" class=\"wp-caption alignnone\"><a href=\"https:\/\/pierre-delaunay.fr\/marty-tatoo\/wp-content\/uploads\/visuel-salome5.jpg\"><img loading=\"lazy\" decoding=\"async\" class=\"size-full wp-image-24716\" src=\"https:\/\/pierre-delaunay.fr\/marty-tatoo\/wp-content\/uploads\/visuel-salome5.jpg\" alt=\"\" width=\"750\" height=\"1000\" srcset=\"https:\/\/pierre-delaunay.fr\/marty-tatoo\/wp-content\/uploads\/visuel-salome5.jpg 750w, https:\/\/pierre-delaunay.fr\/marty-tatoo\/wp-content\/uploads\/visuel-salome5-600x800.jpg 600w, https:\/\/pierre-delaunay.fr\/marty-tatoo\/wp-content\/uploads\/visuel-salome5-225x300.jpg 225w, https:\/\/pierre-delaunay.fr\/marty-tatoo\/wp-content\/uploads\/visuel-salome5-278x370.jpg 278w\" sizes=\"auto, (max-width: 750px) 100vw, 750px\" \/><\/a><figcaption id=\"caption-attachment-24716\" class=\"wp-caption-text\">Tatouage Bijou, tatouage \u00e9ph\u00e9m\u00e8re, tatouage paillette<\/figcaption><\/figure>\n<figure id=\"attachment_24717\" aria-describedby=\"caption-attachment-24717\" style=\"width: 750px\" class=\"wp-caption alignnone\"><a href=\"https:\/\/pierre-delaunay.fr\/marty-tatoo\/wp-content\/uploads\/visuel-salome6.jpg\"><img loading=\"lazy\" decoding=\"async\" class=\"size-full wp-image-24717\" src=\"https:\/\/pierre-delaunay.fr\/marty-tatoo\/wp-content\/uploads\/visuel-salome6.jpg\" alt=\"\" width=\"750\" height=\"1000\" srcset=\"https:\/\/pierre-delaunay.fr\/marty-tatoo\/wp-content\/uploads\/visuel-salome6.jpg 750w, https:\/\/pierre-delaunay.fr\/marty-tatoo\/wp-content\/uploads\/visuel-salome6-600x800.jpg 600w, https:\/\/pierre-delaunay.fr\/marty-tatoo\/wp-content\/uploads\/visuel-salome6-225x300.jpg 225w, https:\/\/pierre-delaunay.fr\/marty-tatoo\/wp-content\/uploads\/visuel-salome6-278x370.jpg 278w\" sizes=\"auto, (max-width: 750px) 100vw, 750px\" \/><\/a><figcaption id=\"caption-attachment-24717\" class=\"wp-caption-text\">Tatouage Bijou, tatouage \u00e9ph\u00e9m\u00e8re, tatouage paillette<\/figcaption><\/figure>\n","protected":false},"excerpt":{"rendered":"<p>Find Salom\u00e9 on the beaches this summer! Trained in temporary tattooing in 2015 at\u00a0MARTYTATOO, Salom\u00e9 is part of our events team. With talent, she will create beautiful\u00a0jewel-like tattoos\u00a0to brighten your summer! You can find her this summer on the most upscale private beaches of the French Riviera: Nikki Beach, Bagatelle, Loulou, Verde, Les Palmiers,\u2026 and&#8230;<\/p>\n<p><a rel=\"bookmark\" class=\"tattoopress-button-text wvc-button wvc-button-size-sm\" href=\"https:\/\/pierre-delaunay.fr\/marty-tatoo\/actualite\/sea-sun-a-must-have-bijou-tattoo-this-summer-with-salome\/?lang=en\"><small class=\"wvc-button-background-fill\"><\/small><span>continue reading<\/span><\/a><\/p>\n","protected":false},"author":3,"featured_media":24715,"comment_status":"closed","ping_status":"open","sticky":false,"template":"","format":"gallery","meta":{"footnotes":""},"categories":[44],"tags":[],"class_list":{"0":"post-25079","1":"post","2":"type-post","3":"status-publish","4":"format-gallery","5":"has-post-thumbnail","6":"hentry","7":"category-news","8":"post_format-post-format-gallery","9":"entry-post-skin-light","10":"entry","11":"clearfix","12":"entry-grid","13":"entry-columns-default","14":"entry-post-module-layout-standard","15":"thumbnail-color-tone-dark","16":"entry-post","18":"entry-post-grid"},"yoast_head":"<!-- This site is optimized with the Yoast SEO plugin v24.1 - https:\/\/yoast.com\/wordpress\/plugins\/seo\/ -->\n<title>Sea, sun &amp; a must-have BIJOU tattoo... this summer with Salom\u00e9! - Marty Tatoo<\/title>\n<meta name=\"robots\" content=\"noindex, follow, max-snippet:-1, max-image-preview:large, max-video-preview:-1\" \/>\n<meta property=\"og:locale\" content=\"fr_FR\" \/>\n<meta property=\"og:type\" content=\"article\" \/>\n<meta property=\"og:title\" content=\"Sea, sun &amp; a must-have BIJOU tattoo... this summer with Salom\u00e9! - Marty Tatoo\" \/>\n<meta property=\"og:description\" content=\"Find Salom\u00e9 on the beaches this summer! Trained in temporary tattooing in 2015 at\u00a0MARTYTATOO, Salom\u00e9 is part of our events team. With talent, she will create beautiful\u00a0jewel-like tattoos\u00a0to brighten your summer! You can find her this summer on the most upscale private beaches of the French Riviera: Nikki Beach, Bagatelle, Loulou, Verde, Les Palmiers,\u2026 and...continue reading\" \/>\n<meta property=\"og:url\" content=\"https:\/\/pierre-delaunay.fr\/marty-tatoo\/actualite\/sea-sun-a-must-have-bijou-tattoo-this-summer-with-salome\/?lang=en\" \/>\n<meta property=\"og:site_name\" content=\"Marty Tatoo\" \/>\n<meta property=\"article:publisher\" content=\"https:\/\/fr-fr.facebook.com\/AtelierMartyTatoo\/\" \/>\n<meta property=\"article:published_time\" content=\"2019-07-22T14:15:00+00:00\" \/>\n<meta property=\"article:modified_time\" content=\"2025-01-19T14:48:49+00:00\" \/>\n<meta property=\"og:image\" content=\"https:\/\/pierre-delaunay.fr\/marty-tatoo\/wp-content\/uploads\/1-affiche-salome\u0301.jpg\" \/>\n\t<meta property=\"og:image:width\" content=\"1024\" \/>\n\t<meta property=\"og:image:height\" content=\"683\" \/>\n\t<meta property=\"og:image:type\" content=\"image\/jpeg\" \/>\n<meta name=\"author\" content=\"Corentine Buron\" \/>\n<meta name=\"twitter:card\" content=\"summary_large_image\" \/>\n<meta name=\"twitter:label1\" content=\"\u00c9crit par\" \/>\n\t<meta name=\"twitter:data1\" content=\"Corentine Buron\" \/>\n\t<meta name=\"twitter:label2\" content=\"Dur\u00e9e de lecture estim\u00e9e\" \/>\n\t<meta name=\"twitter:data2\" content=\"2 minutes\" \/>\n<script type=\"application\/ld+json\" class=\"yoast-schema-graph\">{\"@context\":\"https:\/\/schema.org\",\"@graph\":[{\"@type\":\"Article\",\"@id\":\"https:\/\/pierre-delaunay.fr\/marty-tatoo\/actualite\/sea-sun-a-must-have-bijou-tattoo-this-summer-with-salome\/?lang=en#article\",\"isPartOf\":{\"@id\":\"https:\/\/pierre-delaunay.fr\/marty-tatoo\/actualite\/sea-sun-a-must-have-bijou-tattoo-this-summer-with-salome\/?lang=en\"},\"author\":{\"name\":\"Corentine Buron\",\"@id\":\"https:\/\/pierre-delaunay.fr\/marty-tatoo\/#\/schema\/person\/455a3c360bd822545b683883f8e15bd1\"},\"headline\":\"Sea, sun &amp; a must-have BIJOU tattoo&#8230; this summer with Salom\u00e9!\",\"datePublished\":\"2019-07-22T14:15:00+00:00\",\"dateModified\":\"2025-01-19T14:48:49+00:00\",\"mainEntityOfPage\":{\"@id\":\"https:\/\/pierre-delaunay.fr\/marty-tatoo\/actualite\/sea-sun-a-must-have-bijou-tattoo-this-summer-with-salome\/?lang=en\"},\"wordCount\":189,\"publisher\":{\"@id\":\"https:\/\/pierre-delaunay.fr\/marty-tatoo\/#organization\"},\"image\":{\"@id\":\"https:\/\/pierre-delaunay.fr\/marty-tatoo\/actualite\/sea-sun-a-must-have-bijou-tattoo-this-summer-with-salome\/?lang=en#primaryimage\"},\"thumbnailUrl\":\"https:\/\/pierre-delaunay.fr\/marty-tatoo\/wp-content\/uploads\/1-affiche-salome\u0301.jpg\",\"articleSection\":[\"News\"],\"inLanguage\":\"fr-FR\"},{\"@type\":\"WebPage\",\"@id\":\"https:\/\/pierre-delaunay.fr\/marty-tatoo\/actualite\/sea-sun-a-must-have-bijou-tattoo-this-summer-with-salome\/?lang=en\",\"url\":\"https:\/\/pierre-delaunay.fr\/marty-tatoo\/actualite\/sea-sun-a-must-have-bijou-tattoo-this-summer-with-salome\/?lang=en\",\"name\":\"Sea, sun &amp; a must-have BIJOU tattoo... this summer with Salom\u00e9! - Marty Tatoo\",\"isPartOf\":{\"@id\":\"https:\/\/pierre-delaunay.fr\/marty-tatoo\/#website\"},\"primaryImageOfPage\":{\"@id\":\"https:\/\/pierre-delaunay.fr\/marty-tatoo\/actualite\/sea-sun-a-must-have-bijou-tattoo-this-summer-with-salome\/?lang=en#primaryimage\"},\"image\":{\"@id\":\"https:\/\/pierre-delaunay.fr\/marty-tatoo\/actualite\/sea-sun-a-must-have-bijou-tattoo-this-summer-with-salome\/?lang=en#primaryimage\"},\"thumbnailUrl\":\"https:\/\/pierre-delaunay.fr\/marty-tatoo\/wp-content\/uploads\/1-affiche-salome\u0301.jpg\",\"datePublished\":\"2019-07-22T14:15:00+00:00\",\"dateModified\":\"2025-01-19T14:48:49+00:00\",\"breadcrumb\":{\"@id\":\"https:\/\/pierre-delaunay.fr\/marty-tatoo\/actualite\/sea-sun-a-must-have-bijou-tattoo-this-summer-with-salome\/?lang=en#breadcrumb\"},\"inLanguage\":\"fr-FR\",\"potentialAction\":[{\"@type\":\"ReadAction\",\"target\":[\"https:\/\/pierre-delaunay.fr\/marty-tatoo\/actualite\/sea-sun-a-must-have-bijou-tattoo-this-summer-with-salome\/?lang=en\"]}]},{\"@type\":\"ImageObject\",\"inLanguage\":\"fr-FR\",\"@id\":\"https:\/\/pierre-delaunay.fr\/marty-tatoo\/actualite\/sea-sun-a-must-have-bijou-tattoo-this-summer-with-salome\/?lang=en#primaryimage\",\"url\":\"https:\/\/pierre-delaunay.fr\/marty-tatoo\/wp-content\/uploads\/1-affiche-salome\u0301.jpg\",\"contentUrl\":\"https:\/\/pierre-delaunay.fr\/marty-tatoo\/wp-content\/uploads\/1-affiche-salome\u0301.jpg\",\"width\":1024,\"height\":683,\"caption\":\"Tatouage Bijou, tatouage \u00e9ph\u00e9m\u00e8re, tatouage paillette\"},{\"@type\":\"BreadcrumbList\",\"@id\":\"https:\/\/pierre-delaunay.fr\/marty-tatoo\/actualite\/sea-sun-a-must-have-bijou-tattoo-this-summer-with-salome\/?lang=en#breadcrumb\",\"itemListElement\":[{\"@type\":\"ListItem\",\"position\":1,\"name\":\"Accueil\",\"item\":\"https:\/\/pierre-delaunay.fr\/marty-tatoo\/\"},{\"@type\":\"ListItem\",\"position\":2,\"name\":\"Sea, sun &amp; a must-have BIJOU tattoo&#8230; this summer with Salom\u00e9!\"}]},{\"@type\":\"WebSite\",\"@id\":\"https:\/\/pierre-delaunay.fr\/marty-tatoo\/#website\",\"url\":\"https:\/\/pierre-delaunay.fr\/marty-tatoo\/\",\"name\":\"Marty Tatoo\",\"description\":\"PARIS\",\"publisher\":{\"@id\":\"https:\/\/pierre-delaunay.fr\/marty-tatoo\/#organization\"},\"potentialAction\":[{\"@type\":\"SearchAction\",\"target\":{\"@type\":\"EntryPoint\",\"urlTemplate\":\"https:\/\/pierre-delaunay.fr\/marty-tatoo\/?s={search_term_string}\"},\"query-input\":{\"@type\":\"PropertyValueSpecification\",\"valueRequired\":true,\"valueName\":\"search_term_string\"}}],\"inLanguage\":\"fr-FR\"},{\"@type\":\"Organization\",\"@id\":\"https:\/\/pierre-delaunay.fr\/marty-tatoo\/#organization\",\"name\":\"Marty Tatoo\",\"url\":\"https:\/\/pierre-delaunay.fr\/marty-tatoo\/\",\"logo\":{\"@type\":\"ImageObject\",\"inLanguage\":\"fr-FR\",\"@id\":\"https:\/\/pierre-delaunay.fr\/marty-tatoo\/#\/schema\/logo\/image\/\",\"url\":\"https:\/\/pierre-delaunay.fr\/marty-tatoo\/wp-content\/uploads\/logo-plien-png.png\",\"contentUrl\":\"https:\/\/pierre-delaunay.fr\/marty-tatoo\/wp-content\/uploads\/logo-plien-png.png\",\"width\":154,\"height\":150,\"caption\":\"Marty Tatoo\"},\"image\":{\"@id\":\"https:\/\/pierre-delaunay.fr\/marty-tatoo\/#\/schema\/logo\/image\/\"},\"sameAs\":[\"https:\/\/fr-fr.facebook.com\/AtelierMartyTatoo\/\",\"https:\/\/www.instagram.com\/martytatoo_officiel\/\"]},{\"@type\":\"Person\",\"@id\":\"https:\/\/pierre-delaunay.fr\/marty-tatoo\/#\/schema\/person\/455a3c360bd822545b683883f8e15bd1\",\"name\":\"Corentine Buron\",\"url\":\"https:\/\/pierre-delaunay.fr\/marty-tatoo\/actualite\/author\/corentine\/\"}]}<\/script>\n<!-- \/ Yoast SEO plugin. -->","yoast_head_json":{"title":"Sea, sun &amp; a must-have BIJOU tattoo... this summer with Salom\u00e9! - Marty Tatoo","robots":{"index":"noindex","follow":"follow","max-snippet":"max-snippet:-1","max-image-preview":"max-image-preview:large","max-video-preview":"max-video-preview:-1"},"og_locale":"fr_FR","og_type":"article","og_title":"Sea, sun &amp; a must-have BIJOU tattoo... this summer with Salom\u00e9! - Marty Tatoo","og_description":"Find Salom\u00e9 on the beaches this summer! Trained in temporary tattooing in 2015 at\u00a0MARTYTATOO, Salom\u00e9 is part of our events team. With talent, she will create beautiful\u00a0jewel-like tattoos\u00a0to brighten your summer! You can find her this summer on the most upscale private beaches of the French Riviera: Nikki Beach, Bagatelle, Loulou, Verde, Les Palmiers,\u2026 and...continue reading","og_url":"https:\/\/pierre-delaunay.fr\/marty-tatoo\/actualite\/sea-sun-a-must-have-bijou-tattoo-this-summer-with-salome\/?lang=en","og_site_name":"Marty Tatoo","article_publisher":"https:\/\/fr-fr.facebook.com\/AtelierMartyTatoo\/","article_published_time":"2019-07-22T14:15:00+00:00","article_modified_time":"2025-01-19T14:48:49+00:00","og_image":[{"width":1024,"height":683,"url":"https:\/\/pierre-delaunay.fr\/marty-tatoo\/wp-content\/uploads\/1-affiche-salome\u0301.jpg","type":"image\/jpeg"}],"author":"Corentine Buron","twitter_card":"summary_large_image","twitter_misc":{"\u00c9crit par":"Corentine Buron","Dur\u00e9e de lecture estim\u00e9e":"2 minutes"},"schema":{"@context":"https:\/\/schema.org","@graph":[{"@type":"Article","@id":"https:\/\/pierre-delaunay.fr\/marty-tatoo\/actualite\/sea-sun-a-must-have-bijou-tattoo-this-summer-with-salome\/?lang=en#article","isPartOf":{"@id":"https:\/\/pierre-delaunay.fr\/marty-tatoo\/actualite\/sea-sun-a-must-have-bijou-tattoo-this-summer-with-salome\/?lang=en"},"author":{"name":"Corentine Buron","@id":"https:\/\/pierre-delaunay.fr\/marty-tatoo\/#\/schema\/person\/455a3c360bd822545b683883f8e15bd1"},"headline":"Sea, sun &amp; a must-have BIJOU tattoo&#8230; this summer with Salom\u00e9!","datePublished":"2019-07-22T14:15:00+00:00","dateModified":"2025-01-19T14:48:49+00:00","mainEntityOfPage":{"@id":"https:\/\/pierre-delaunay.fr\/marty-tatoo\/actualite\/sea-sun-a-must-have-bijou-tattoo-this-summer-with-salome\/?lang=en"},"wordCount":189,"publisher":{"@id":"https:\/\/pierre-delaunay.fr\/marty-tatoo\/#organization"},"image":{"@id":"https:\/\/pierre-delaunay.fr\/marty-tatoo\/actualite\/sea-sun-a-must-have-bijou-tattoo-this-summer-with-salome\/?lang=en#primaryimage"},"thumbnailUrl":"https:\/\/pierre-delaunay.fr\/marty-tatoo\/wp-content\/uploads\/1-affiche-salome\u0301.jpg","articleSection":["News"],"inLanguage":"fr-FR"},{"@type":"WebPage","@id":"https:\/\/pierre-delaunay.fr\/marty-tatoo\/actualite\/sea-sun-a-must-have-bijou-tattoo-this-summer-with-salome\/?lang=en","url":"https:\/\/pierre-delaunay.fr\/marty-tatoo\/actualite\/sea-sun-a-must-have-bijou-tattoo-this-summer-with-salome\/?lang=en","name":"Sea, sun &amp; a must-have BIJOU tattoo... this summer with Salom\u00e9! - Marty Tatoo","isPartOf":{"@id":"https:\/\/pierre-delaunay.fr\/marty-tatoo\/#website"},"primaryImageOfPage":{"@id":"https:\/\/pierre-delaunay.fr\/marty-tatoo\/actualite\/sea-sun-a-must-have-bijou-tattoo-this-summer-with-salome\/?lang=en#primaryimage"},"image":{"@id":"https:\/\/pierre-delaunay.fr\/marty-tatoo\/actualite\/sea-sun-a-must-have-bijou-tattoo-this-summer-with-salome\/?lang=en#primaryimage"},"thumbnailUrl":"https:\/\/pierre-delaunay.fr\/marty-tatoo\/wp-content\/uploads\/1-affiche-salome\u0301.jpg","datePublished":"2019-07-22T14:15:00+00:00","dateModified":"2025-01-19T14:48:49+00:00","breadcrumb":{"@id":"https:\/\/pierre-delaunay.fr\/marty-tatoo\/actualite\/sea-sun-a-must-have-bijou-tattoo-this-summer-with-salome\/?lang=en#breadcrumb"},"inLanguage":"fr-FR","potentialAction":[{"@type":"ReadAction","target":["https:\/\/pierre-delaunay.fr\/marty-tatoo\/actualite\/sea-sun-a-must-have-bijou-tattoo-this-summer-with-salome\/?lang=en"]}]},{"@type":"ImageObject","inLanguage":"fr-FR","@id":"https:\/\/pierre-delaunay.fr\/marty-tatoo\/actualite\/sea-sun-a-must-have-bijou-tattoo-this-summer-with-salome\/?lang=en#primaryimage","url":"https:\/\/pierre-delaunay.fr\/marty-tatoo\/wp-content\/uploads\/1-affiche-salome\u0301.jpg","contentUrl":"https:\/\/pierre-delaunay.fr\/marty-tatoo\/wp-content\/uploads\/1-affiche-salome\u0301.jpg","width":1024,"height":683,"caption":"Tatouage Bijou, tatouage \u00e9ph\u00e9m\u00e8re, tatouage paillette"},{"@type":"BreadcrumbList","@id":"https:\/\/pierre-delaunay.fr\/marty-tatoo\/actualite\/sea-sun-a-must-have-bijou-tattoo-this-summer-with-salome\/?lang=en#breadcrumb","itemListElement":[{"@type":"ListItem","position":1,"name":"Accueil","item":"https:\/\/pierre-delaunay.fr\/marty-tatoo\/"},{"@type":"ListItem","position":2,"name":"Sea, sun &amp; a must-have BIJOU tattoo&#8230; this summer with Salom\u00e9!"}]},{"@type":"WebSite","@id":"https:\/\/pierre-delaunay.fr\/marty-tatoo\/#website","url":"https:\/\/pierre-delaunay.fr\/marty-tatoo\/","name":"Marty Tatoo","description":"PARIS","publisher":{"@id":"https:\/\/pierre-delaunay.fr\/marty-tatoo\/#organization"},"potentialAction":[{"@type":"SearchAction","target":{"@type":"EntryPoint","urlTemplate":"https:\/\/pierre-delaunay.fr\/marty-tatoo\/?s={search_term_string}"},"query-input":{"@type":"PropertyValueSpecification","valueRequired":true,"valueName":"search_term_string"}}],"inLanguage":"fr-FR"},{"@type":"Organization","@id":"https:\/\/pierre-delaunay.fr\/marty-tatoo\/#organization","name":"Marty Tatoo","url":"https:\/\/pierre-delaunay.fr\/marty-tatoo\/","logo":{"@type":"ImageObject","inLanguage":"fr-FR","@id":"https:\/\/pierre-delaunay.fr\/marty-tatoo\/#\/schema\/logo\/image\/","url":"https:\/\/pierre-delaunay.fr\/marty-tatoo\/wp-content\/uploads\/logo-plien-png.png","contentUrl":"https:\/\/pierre-delaunay.fr\/marty-tatoo\/wp-content\/uploads\/logo-plien-png.png","width":154,"height":150,"caption":"Marty Tatoo"},"image":{"@id":"https:\/\/pierre-delaunay.fr\/marty-tatoo\/#\/schema\/logo\/image\/"},"sameAs":["https:\/\/fr-fr.facebook.com\/AtelierMartyTatoo\/","https:\/\/www.instagram.com\/martytatoo_officiel\/"]},{"@type":"Person","@id":"https:\/\/pierre-delaunay.fr\/marty-tatoo\/#\/schema\/person\/455a3c360bd822545b683883f8e15bd1","name":"Corentine Buron","url":"https:\/\/pierre-delaunay.fr\/marty-tatoo\/actualite\/author\/corentine\/"}]}},"_links":{"self":[{"href":"https:\/\/pierre-delaunay.fr\/marty-tatoo\/wp-json\/wp\/v2\/posts\/25079","targetHints":{"allow":["GET"]}}],"collection":[{"href":"https:\/\/pierre-delaunay.fr\/marty-tatoo\/wp-json\/wp\/v2\/posts"}],"about":[{"href":"https:\/\/pierre-delaunay.fr\/marty-tatoo\/wp-json\/wp\/v2\/types\/post"}],"author":[{"embeddable":true,"href":"https:\/\/pierre-delaunay.fr\/marty-tatoo\/wp-json\/wp\/v2\/users\/3"}],"replies":[{"embeddable":true,"href":"https:\/\/pierre-delaunay.fr\/marty-tatoo\/wp-json\/wp\/v2\/comments?post=25079"}],"version-history":[{"count":4,"href":"https:\/\/pierre-delaunay.fr\/marty-tatoo\/wp-json\/wp\/v2\/posts\/25079\/revisions"}],"predecessor-version":[{"id":25141,"href":"https:\/\/pierre-delaunay.fr\/marty-tatoo\/wp-json\/wp\/v2\/posts\/25079\/revisions\/25141"}],"wp:featuredmedia":[{"embeddable":true,"href":"https:\/\/pierre-delaunay.fr\/marty-tatoo\/wp-json\/wp\/v2\/media\/24715"}],"wp:attachment":[{"href":"https:\/\/pierre-delaunay.fr\/marty-tatoo\/wp-json\/wp\/v2\/media?parent=25079"}],"wp:term":[{"taxonomy":"category","embeddable":true,"href":"https:\/\/pierre-delaunay.fr\/marty-tatoo\/wp-json\/wp\/v2\/categories?post=25079"},{"taxonomy":"post_tag","embeddable":true,"href":"https:\/\/pierre-delaunay.fr\/marty-tatoo\/wp-json\/wp\/v2\/tags?post=25079"}],"curies":[{"name":"wp","href":"https:\/\/api.w.org\/{rel}","templated":true}]}}